{"id":5959,"date":"2018-05-14T08:26:28","date_gmt":"2018-05-14T06:26:28","guid":{"rendered":"http:\/\/euwps02.tecnavia.com\/ilmercoledi\/news\/?p=5959"},"modified":"2018-05-14T08:26:29","modified_gmt":"2018-05-14T06:26:29","slug":"nichelino-via-alle-iscrizioni-estate-ragazzi","status":"publish","type":"post","link":"https:\/\/www.ilmercoledi.news\/2018\/05\/14\/nichelino-via-alle-iscrizioni-estate-ragazzi\/","title":{"rendered":"NICHELINO &#8211; Via alle iscrizioni per Estate Ragazzi"},"content":{"rendered":"<p>Iniziano il 15 maggio le iscrizioni a \u201cEstate ragazzi 2018\u201d, della Citt\u00e0 di Nichelino con servizio in concessione alla cooperativa \u201cCoopera UISP\u201d. L&#8217;iniziativa \u00e8 riservata alla fascia di et\u00e0 compresa tra 4 e 14 anni e verr\u00e0 ospitata presso le scuole dell&#8217;infanzia \u201cPiaget\u201d (via XXV Aprile, 109) e la primaria \u201cRodari\u201d (via XXV Aprile, 111).<\/p>\n<p>Le iscrizioni si ricevono presso il Palazzo Torre \u2013 via Del Pascolo 13\/A &#8211; Nichelino nei seguenti giorni e orari:<\/p>\n<ul>\n<li>\n<p align=\"LEFT\">marted\u00ec 15 maggio e gioved\u00ec 17 maggio orario 9,00\/12,00 e 14,00\/18,00<\/p>\n<\/li>\n<li>\n<p align=\"LEFT\">dal 22 maggio al 7 giugno &#8211; marted\u00ec orario 16,00\/18,00 e gioved\u00ec orario 9,00\/12,00<\/p>\n<\/li>\n<li>\n<p align=\"LEFT\">presso la Scuola primaria \u201cRodari\u201d dall&#8217; 11 giugno ogni luned\u00ec orario 8,00\/10,00<\/p>\n<\/li>\n<\/ul>\n","protected":false},"excerpt":{"rendered":"","protected":false},"author":11,"featured_media":5960,"comment_status":"open","ping_status":"closed","sticky":false,"template":"","format":"standard","meta":[],"categories":[34],"tags":[],"news-destination":[],"news-source":[],"is_homepage":[],"ta_other":[],"_links":{"self":[{"href":"https:\/\/www.ilmercoledi.news\/ilmercoledi\/news\/wp-json\/wp\/v2\/posts\/5959"}],"collection":[{"href":"https:\/\/www.ilmercoledi.news\/ilmercoledi\/news\/wp-json\/wp\/v2\/posts"}],"about":[{"href":"https:\/\/www.ilmercoledi.news\/ilmercoledi\/news\/wp-json\/wp\/v2\/types\/post"}],"author":[{"embeddable":true,"href":"https:\/\/www.ilmercoledi.news\/ilmercoledi\/news\/wp-json\/wp\/v2\/users\/11"}],"replies":[{"embeddable":true,"href":"https:\/\/www.ilmercoledi.news\/ilmercoledi\/news\/wp-json\/wp\/v2\/comments?post=5959"}],"version-history":[{"count":1,"href":"https:\/\/www.ilmercoledi.news\/ilmercoledi\/news\/wp-json\/wp\/v2\/posts\/5959\/revisions"}],"predecessor-version":[{"id":5961,"href":"https:\/\/www.ilmercoledi.news\/ilmercoledi\/news\/wp-json\/wp\/v2\/posts\/5959\/revisions\/5961"}],"wp:featuredmedia":[{"embeddable":true,"href":"https:\/\/www.ilmercoledi.news\/ilmercoledi\/news\/wp-json\/wp\/v2\/media\/5960"}],"wp:attachment":[{"href":"https:\/\/www.ilmercoledi.news\/ilmercoledi\/news\/wp-json\/wp\/v2\/media?parent=5959"}],"wp:term":[{"taxonomy":"category","embeddable":true,"href":"https:\/\/www.ilmercoledi.news\/ilmercoledi\/news\/wp-json\/wp\/v2\/categories?post=5959"},{"taxonomy":"post_tag","embeddable":true,"href":"https:\/\/www.ilmercoledi.news\/ilmercoledi\/news\/wp-json\/wp\/v2\/tags?post=5959"},{"taxonomy":"news-destination","embeddable":true,"href":"https:\/\/www.ilmercoledi.news\/ilmercoledi\/news\/wp-json\/wp\/v2\/news-destination?post=5959"},{"taxonomy":"news-source","embeddable":true,"href":"https:\/\/www.ilmercoledi.news\/ilmercoledi\/news\/wp-json\/wp\/v2\/news-source?post=5959"},{"taxonomy":"is_homepage","embeddable":true,"href":"https:\/\/www.ilmercoledi.news\/ilmercoledi\/news\/wp-json\/wp\/v2\/is_homepage?post=5959"},{"taxonomy":"ta_other","embeddable":true,"href":"https:\/\/www.ilmercoledi.news\/ilmercoledi\/news\/wp-json\/wp\/v2\/ta_other?post=5959"}],"curies":[{"name":"wp","href":"https:\/\/api.w.org\/{rel}","templated":true}]}}