{"id":59688,"date":"2024-04-01T15:20:31","date_gmt":"2024-04-01T13:20:31","guid":{"rendered":"https:\/\/euwps06.newsmemory.com\/ilmercoledi\/news\/?p=59688"},"modified":"2024-08-29T03:41:06","modified_gmt":"2023-11-03T03:41:06","slug":"nichelino-incontro-comune-per-le-prossime-iniziative-favore-della-delgrosso","status":"publish","type":"post","link":"https:\/\/www.ilmercoledi.news\/2024\/04\/01\/nichelino-incontro-comune-per-le-prossime-iniziative-favore-della-delgrosso\/","title":{"rendered":"NICHELINO &#8211; Incontro in Comune per le prossime iniziative in favore della Delgrosso"},"content":{"rendered":"<p>Parte dei Comuni toccati dalla vicenda Delgrosso si sono riuniti (in presenza e in remoto) questa mattina nella Sala Mattei del Comune di Nichelino per fare fronte comune e programmare interventi concreti a favore dei lavoratori e delle loro famiglie, presenti con i delegati sindacali. A seguito dello stanziamento di 16.000 euro dell&#8217;amministrazione di Nichelino, sono stati distribuiti ai lavoratori e alle lavoratrici i moduli da compilare e consegnare all&#8217;Ufficio lavoro (via del Pascolo 13\/a) per ottenere il contributo messo a loro disposizione. L&#8217;invito agli altri Comuni coinvolti \u00e8 di procedere in modo analogo con l&#8217;adozione di misure di sostegno.<\/p>\n<p>&#8220;La Citt\u00e0 di Nichelino ha stanziato, nei giorni scorsi, 16.000 euro a favore dei lavoratori della Delgrosso &#8211; commentano il Sindaco \ud835\uddda\ud835\uddf6\ud835\uddee\ud835\uddfa\ud835\uddfd\ud835\uddf6\ud835\uddf2\ud835\uddff\ud835\uddfc \ud835\udde7\ud835\uddfc\ud835\uddf9\ud835\uddee\ud835\uddff\ud835\uddf1\ud835\uddfc e l&#8217;Assessore al Lavoro Fiodor Verzola -. Questo incontro \u00e8 un ulteriore passo verso sostegni concreti. In primis abbiamo condiviso la nostra determina e le modalit\u00e0 di attuazione cos\u00ec che anche le altre citt\u00e0 possano fare lo stesso. L&#8217;obiettivo, come ribadito anche dai sindacati, \u00e8 per\u00f2 di arrivare a soluzioni industriali e strutturali che portino lavoro per i lavoratori e le lavoratrici della Delgrosso&#8221;.<\/p>\n","protected":false},"excerpt":{"rendered":"","protected":false},"author":11,"featured_media":59686,"comment_status":"open","ping_status":"closed","sticky":false,"template":"","format":"standard","meta":[],"categories":[34],"tags":[],"news-destination":[],"news-source":[],"is_homepage":[581],"ta_other":[],"_links":{"self":[{"href":"https:\/\/www.ilmercoledi.news\/ilmercoledi\/news\/wp-json\/wp\/v2\/posts\/59688"}],"collection":[{"href":"https:\/\/www.ilmercoledi.news\/ilmercoledi\/news\/wp-json\/wp\/v2\/posts"}],"about":[{"href":"https:\/\/www.ilmercoledi.news\/ilmercoledi\/news\/wp-json\/wp\/v2\/types\/post"}],"author":[{"embeddable":true,"href":"https:\/\/www.ilmercoledi.news\/ilmercoledi\/news\/wp-json\/wp\/v2\/users\/11"}],"replies":[{"embeddable":true,"href":"https:\/\/www.ilmercoledi.news\/ilmercoledi\/news\/wp-json\/wp\/v2\/comments?post=59688"}],"version-history":[{"count":1,"href":"https:\/\/www.ilmercoledi.news\/ilmercoledi\/news\/wp-json\/wp\/v2\/posts\/59688\/revisions"}],"predecessor-version":[{"id":59714,"href":"https:\/\/www.ilmercoledi.news\/ilmercoledi\/news\/wp-json\/wp\/v2\/posts\/59688\/revisions\/59714"}],"wp:featuredmedia":[{"embeddable":true,"href":"https:\/\/www.ilmercoledi.news\/ilmercoledi\/news\/wp-json\/wp\/v2\/media\/59686"}],"wp:attachment":[{"href":"https:\/\/www.ilmercoledi.news\/ilmercoledi\/news\/wp-json\/wp\/v2\/media?parent=59688"}],"wp:term":[{"taxonomy":"category","embeddable":true,"href":"https:\/\/www.ilmercoledi.news\/ilmercoledi\/news\/wp-json\/wp\/v2\/categories?post=59688"},{"taxonomy":"post_tag","embeddable":true,"href":"https:\/\/www.ilmercoledi.news\/ilmercoledi\/news\/wp-json\/wp\/v2\/tags?post=59688"},{"taxonomy":"news-destination","embeddable":true,"href":"https:\/\/www.ilmercoledi.news\/ilmercoledi\/news\/wp-json\/wp\/v2\/news-destination?post=59688"},{"taxonomy":"news-source","embeddable":true,"href":"https:\/\/www.ilmercoledi.news\/ilmercoledi\/news\/wp-json\/wp\/v2\/news-source?post=59688"},{"taxonomy":"is_homepage","embeddable":true,"href":"https:\/\/www.ilmercoledi.news\/ilmercoledi\/news\/wp-json\/wp\/v2\/is_homepage?post=59688"},{"taxonomy":"ta_other","embeddable":true,"href":"https:\/\/www.ilmercoledi.news\/ilmercoledi\/news\/wp-json\/wp\/v2\/ta_other?post=59688"}],"curies":[{"name":"wp","href":"https:\/\/api.w.org\/{rel}","templated":true}]}}