{"id":5999,"date":"2018-05-15T15:51:16","date_gmt":"2018-05-15T13:51:16","guid":{"rendered":"http:\/\/euwps02.tecnavia.com\/ilmercoledi\/news\/?p=5999"},"modified":"2018-05-15T15:51:18","modified_gmt":"2018-05-15T13:51:18","slug":"carmagnola-mostra-palazzo-lomellini-donne-madonne","status":"publish","type":"post","link":"https:\/\/www.ilmercoledi.news\/2018\/05\/15\/carmagnola-mostra-palazzo-lomellini-donne-madonne\/","title":{"rendered":"CARMAGNOLA &#8211; Mostra a Palazzo Lomellini &#8220;Donne e Madonne&#8221;"},"content":{"rendered":"<p>La mostra dal titolo Donne e Madonne nell\u2019Arte dal XV secolo a oggi, organizzata dal Comune di Carmagnola e dall\u2019Associazione \u201cAmici di Palazzo Lomellini\u201d, \u00e8 in programma dal 1\u00b0 giugno al 29 luglio nelle sale di palazzo Lomellini a Carmagnola. L\u2019esposizione si propone di presentare ai visitatori un percorso trasversale, lungo le epoche e i diversi stili artistici, dove troveranno posto, accanto alla figura della Vergine, le raffigurazioni della donna nella quotidianit\u00e0 degli eventi della vita: i sentimenti, la maternit\u00e0, il lavoro ecc.\u00a0Commenta l\u2019Assessore alla Cultura del Comune di Carmagnola, Alessandro Cammarata: \u201cAnche in questa occasione le sale di Palazzo Lomellini saranno la cornice di una interessante mostra sulla rappresentazione della figura femminile nell\u2019arte che permetter\u00e0 ai numerosi visitatori di apprezzare opere di pregio provenienti da numerose gallerie e collezioni private. L\u2019evento inaugurer\u00e0 il Mese della Cultura che proporr\u00e0 un vasto palinsesto di attivit\u00e0, eventi e incontri culturali di alto livello e aperti a tutti\u201d.<\/p>\n<p>All\u2019allestimento della mostra hanno aderito e collaborato alcune gallerie private torinesi particolarmente attive nell\u2019ambito dell\u2019universo artistico dell\u2019Ottocento e Novecento, che nelle sale di Palazzo Lomellini esporranno opere di Carpanetto, Lupo, Pittara, Delleani, Bonomi, Felice Casorati, Carlo Levi, Enzo Nenci, Francesco Tabusso, Antonio Carena, Mario Caffaro Rore; nonch\u00e9 un collezionista piemontese con il quale si \u00e8 gi\u00e0 realizzata la mostra di Maraviglioso Seicento lo scorso anno che presenter\u00e0 opere di Francesco Cairo, Mattia Preti, Bernardo Strozzi, Carlo Dolci, Jacques Blanchard, Thomas Gainsborough, Govert Flinck, Pieter Frans de Grebber. Una importante parte della mostra vedr\u00e0 altres\u00ec la presenza di un gruppo di sculture dell\u2019area subsahariana e del centro\/sud Africa, messe a disposizione da una coppia di esperti collezionisti\/viaggiatori &#8211; Bruno Albertino e Anna Alberghina &#8211; da anni impegnati nella ricerca e nello studio delle forme artistiche, dei costumi e delle tradizioni di quei territori.\u00a0Tra gli altri artisti che proporranno le proprie opere o quelle delle loro collezioni, sono da segnalare, De Agostini, Saccomandi, Spessot, Preverino, Leocata, Mapelli, Alemanno, Unia, Cordero.\u00a0Il percorso di visita sar\u00e0 composto \u201ca isole\u201d secondo un principio temporale, ma consentir\u00e0 di cogliere, con uno sguardo generale, l\u2019allineamento e l\u2019alternanza di opere di diverse provenienze, cogliendone le differenze e le similitudini.\u00a0La mostra sar\u00e0 arricchita da un catalogo con gli interventi di alcuni critici d\u2019arte\u00a0L\u2019inaugurazione si terr\u00e0 venerd\u00ec 1 giugno alle ore 18,00<\/p>\n","protected":false},"excerpt":{"rendered":"","protected":false},"author":11,"featured_media":2689,"comment_status":"open","ping_status":"closed","sticky":false,"template":"","format":"standard","meta":[],"categories":[34],"tags":[],"news-destination":[],"news-source":[],"is_homepage":[],"ta_other":[],"_links":{"self":[{"href":"https:\/\/www.ilmercoledi.news\/ilmercoledi\/news\/wp-json\/wp\/v2\/posts\/5999"}],"collection":[{"href":"https:\/\/www.ilmercoledi.news\/ilmercoledi\/news\/wp-json\/wp\/v2\/posts"}],"about":[{"href":"https:\/\/www.ilmercoledi.news\/ilmercoledi\/news\/wp-json\/wp\/v2\/types\/post"}],"author":[{"embeddable":true,"href":"https:\/\/www.ilmercoledi.news\/ilmercoledi\/news\/wp-json\/wp\/v2\/users\/11"}],"replies":[{"embeddable":true,"href":"https:\/\/www.ilmercoledi.news\/ilmercoledi\/news\/wp-json\/wp\/v2\/comments?post=5999"}],"version-history":[{"count":1,"href":"https:\/\/www.ilmercoledi.news\/ilmercoledi\/news\/wp-json\/wp\/v2\/posts\/5999\/revisions"}],"predecessor-version":[{"id":6000,"href":"https:\/\/www.ilmercoledi.news\/ilmercoledi\/news\/wp-json\/wp\/v2\/posts\/5999\/revisions\/6000"}],"wp:featuredmedia":[{"embeddable":true,"href":"https:\/\/www.ilmercoledi.news\/ilmercoledi\/news\/wp-json\/wp\/v2\/media\/2689"}],"wp:attachment":[{"href":"https:\/\/www.ilmercoledi.news\/ilmercoledi\/news\/wp-json\/wp\/v2\/media?parent=5999"}],"wp:term":[{"taxonomy":"category","embeddable":true,"href":"https:\/\/www.ilmercoledi.news\/ilmercoledi\/news\/wp-json\/wp\/v2\/categories?post=5999"},{"taxonomy":"post_tag","embeddable":true,"href":"https:\/\/www.ilmercoledi.news\/ilmercoledi\/news\/wp-json\/wp\/v2\/tags?post=5999"},{"taxonomy":"news-destination","embeddable":true,"href":"https:\/\/www.ilmercoledi.news\/ilmercoledi\/news\/wp-json\/wp\/v2\/news-destination?post=5999"},{"taxonomy":"news-source","embeddable":true,"href":"https:\/\/www.ilmercoledi.news\/ilmercoledi\/news\/wp-json\/wp\/v2\/news-source?post=5999"},{"taxonomy":"is_homepage","embeddable":true,"href":"https:\/\/www.ilmercoledi.news\/ilmercoledi\/news\/wp-json\/wp\/v2\/is_homepage?post=5999"},{"taxonomy":"ta_other","embeddable":true,"href":"https:\/\/www.ilmercoledi.news\/ilmercoledi\/news\/wp-json\/wp\/v2\/ta_other?post=5999"}],"curies":[{"name":"wp","href":"https:\/\/api.w.org\/{rel}","templated":true}]}}