{"id":60223,"date":"2024-04-26T09:14:47","date_gmt":"2024-04-26T07:14:47","guid":{"rendered":"https:\/\/euwps06.newsmemory.com\/ilmercoledi\/news\/?p=60223"},"modified":"2024-08-29T03:41:03","modified_gmt":"2023-11-03T03:41:03","slug":"carmagnola-vetri-frantumi-ai-danni-di-auto-parcheggiate-al-cimitero","status":"publish","type":"post","link":"https:\/\/www.ilmercoledi.news\/2024\/04\/26\/carmagnola-vetri-frantumi-ai-danni-di-auto-parcheggiate-al-cimitero\/","title":{"rendered":"CARMAGNOLA &#8211; Vetri in frantumi ai danni di auto parcheggiate al cimitero"},"content":{"rendered":"<p>Nella giornata di ieri una vettura \u00e8 stata colpita all&#8217;ingresso del campo F del cimitero di Carmagnola. Ignoti hanno mandato in frantumi il vetro per cercare di rubare qualcosa all&#8217;interno. Il proprietario se n&#8217;\u00e8 accorto al suo ritorno e ha diffuso anche un allerta sui social per avvertire la popolazione del rischio. Non \u00e8 il primo caso in quella zona: ecco perch\u00e8 \u00e8 stato richiesto un potenziamento dell&#8217;impianto di videosorveglianza.<\/p>\n","protected":false},"excerpt":{"rendered":"","protected":false},"author":11,"featured_media":60222,"comment_status":"open","ping_status":"closed","sticky":false,"template":"","format":"standard","meta":[],"categories":[34],"tags":[],"news-destination":[],"news-source":[],"is_homepage":[581],"ta_other":[],"_links":{"self":[{"href":"https:\/\/www.ilmercoledi.news\/ilmercoledi\/news\/wp-json\/wp\/v2\/posts\/60223"}],"collection":[{"href":"https:\/\/www.ilmercoledi.news\/ilmercoledi\/news\/wp-json\/wp\/v2\/posts"}],"about":[{"href":"https:\/\/www.ilmercoledi.news\/ilmercoledi\/news\/wp-json\/wp\/v2\/types\/post"}],"author":[{"embeddable":true,"href":"https:\/\/www.ilmercoledi.news\/ilmercoledi\/news\/wp-json\/wp\/v2\/users\/11"}],"replies":[{"embeddable":true,"href":"https:\/\/www.ilmercoledi.news\/ilmercoledi\/news\/wp-json\/wp\/v2\/comments?post=60223"}],"version-history":[{"count":1,"href":"https:\/\/www.ilmercoledi.news\/ilmercoledi\/news\/wp-json\/wp\/v2\/posts\/60223\/revisions"}],"predecessor-version":[{"id":63769,"href":"https:\/\/www.ilmercoledi.news\/ilmercoledi\/news\/wp-json\/wp\/v2\/posts\/60223\/revisions\/63769"}],"wp:featuredmedia":[{"embeddable":true,"href":"https:\/\/www.ilmercoledi.news\/ilmercoledi\/news\/wp-json\/wp\/v2\/media\/60222"}],"wp:attachment":[{"href":"https:\/\/www.ilmercoledi.news\/ilmercoledi\/news\/wp-json\/wp\/v2\/media?parent=60223"}],"wp:term":[{"taxonomy":"category","embeddable":true,"href":"https:\/\/www.ilmercoledi.news\/ilmercoledi\/news\/wp-json\/wp\/v2\/categories?post=60223"},{"taxonomy":"post_tag","embeddable":true,"href":"https:\/\/www.ilmercoledi.news\/ilmercoledi\/news\/wp-json\/wp\/v2\/tags?post=60223"},{"taxonomy":"news-destination","embeddable":true,"href":"https:\/\/www.ilmercoledi.news\/ilmercoledi\/news\/wp-json\/wp\/v2\/news-destination?post=60223"},{"taxonomy":"news-source","embeddable":true,"href":"https:\/\/www.ilmercoledi.news\/ilmercoledi\/news\/wp-json\/wp\/v2\/news-source?post=60223"},{"taxonomy":"is_homepage","embeddable":true,"href":"https:\/\/www.ilmercoledi.news\/ilmercoledi\/news\/wp-json\/wp\/v2\/is_homepage?post=60223"},{"taxonomy":"ta_other","embeddable":true,"href":"https:\/\/www.ilmercoledi.news\/ilmercoledi\/news\/wp-json\/wp\/v2\/ta_other?post=60223"}],"curies":[{"name":"wp","href":"https:\/\/api.w.org\/{rel}","templated":true}]}}