{"id":60260,"date":"2024-04-30T15:19:44","date_gmt":"2024-04-30T13:19:44","guid":{"rendered":"https:\/\/euwps05.newsmemory.com\/ilmercoledi\/news\/?p=60260"},"modified":"2024-08-29T03:41:02","modified_gmt":"2023-11-03T03:41:02","slug":"poirino-via-libera-alla-riasfaltatura-di-via-per-riva-presso-chieri","status":"publish","type":"post","link":"https:\/\/www.ilmercoledi.news\/2024\/04\/30\/poirino-via-libera-alla-riasfaltatura-di-via-per-riva-presso-chieri\/","title":{"rendered":"POIRINO &#8211; Via libera alla riasfaltatura di via per Riva presso Chieri"},"content":{"rendered":"<p>Dopo aver eseguito una ricognizione del territorio del comune di Poirino, i tecnici comunali hanno riscontrato la necessit\u00e0 di sistemare l&#8217;asfalto di alcuni tratti di strada per Riva presso Chieri, che a causa di avverse condizioni atmosferiche nelle stagioni passate e dell&#8217;usura presenta un manto particolarmente sconnesso, dissestato e quindi pericoloso per la circolazione stradale. Un intervento che coster\u00e0 non poco, visto che i lavori sono tali da dover impegnare una somma di circa 230.000 euro. L&#8217;intervento per\u00f2 \u00e8 stato giudicato non pi\u00f9 rinviabile per una questione di sicurezza<\/p>\n","protected":false},"excerpt":{"rendered":"","protected":false},"author":11,"featured_media":15542,"comment_status":"open","ping_status":"closed","sticky":false,"template":"","format":"standard","meta":[],"categories":[34],"tags":[],"news-destination":[],"news-source":[],"is_homepage":[581],"ta_other":[],"_links":{"self":[{"href":"https:\/\/www.ilmercoledi.news\/ilmercoledi\/news\/wp-json\/wp\/v2\/posts\/60260"}],"collection":[{"href":"https:\/\/www.ilmercoledi.news\/ilmercoledi\/news\/wp-json\/wp\/v2\/posts"}],"about":[{"href":"https:\/\/www.ilmercoledi.news\/ilmercoledi\/news\/wp-json\/wp\/v2\/types\/post"}],"author":[{"embeddable":true,"href":"https:\/\/www.ilmercoledi.news\/ilmercoledi\/news\/wp-json\/wp\/v2\/users\/11"}],"replies":[{"embeddable":true,"href":"https:\/\/www.ilmercoledi.news\/ilmercoledi\/news\/wp-json\/wp\/v2\/comments?post=60260"}],"version-history":[{"count":1,"href":"https:\/\/www.ilmercoledi.news\/ilmercoledi\/news\/wp-json\/wp\/v2\/posts\/60260\/revisions"}],"predecessor-version":[{"id":63657,"href":"https:\/\/www.ilmercoledi.news\/ilmercoledi\/news\/wp-json\/wp\/v2\/posts\/60260\/revisions\/63657"}],"wp:featuredmedia":[{"embeddable":true,"href":"https:\/\/www.ilmercoledi.news\/ilmercoledi\/news\/wp-json\/wp\/v2\/media\/15542"}],"wp:attachment":[{"href":"https:\/\/www.ilmercoledi.news\/ilmercoledi\/news\/wp-json\/wp\/v2\/media?parent=60260"}],"wp:term":[{"taxonomy":"category","embeddable":true,"href":"https:\/\/www.ilmercoledi.news\/ilmercoledi\/news\/wp-json\/wp\/v2\/categories?post=60260"},{"taxonomy":"post_tag","embeddable":true,"href":"https:\/\/www.ilmercoledi.news\/ilmercoledi\/news\/wp-json\/wp\/v2\/tags?post=60260"},{"taxonomy":"news-destination","embeddable":true,"href":"https:\/\/www.ilmercoledi.news\/ilmercoledi\/news\/wp-json\/wp\/v2\/news-destination?post=60260"},{"taxonomy":"news-source","embeddable":true,"href":"https:\/\/www.ilmercoledi.news\/ilmercoledi\/news\/wp-json\/wp\/v2\/news-source?post=60260"},{"taxonomy":"is_homepage","embeddable":true,"href":"https:\/\/www.ilmercoledi.news\/ilmercoledi\/news\/wp-json\/wp\/v2\/is_homepage?post=60260"},{"taxonomy":"ta_other","embeddable":true,"href":"https:\/\/www.ilmercoledi.news\/ilmercoledi\/news\/wp-json\/wp\/v2\/ta_other?post=60260"}],"curies":[{"name":"wp","href":"https:\/\/api.w.org\/{rel}","templated":true}]}}