{"id":60404,"date":"2024-05-08T07:24:46","date_gmt":"2024-05-08T05:24:46","guid":{"rendered":"https:\/\/euwps05.newsmemory.com\/ilmercoledi\/news\/?p=60404"},"modified":"2024-08-29T03:41:01","modified_gmt":"2023-11-03T03:41:01","slug":"pecetto-gimkana-ciclistica-organizzata-dallasd-ciclismo","status":"publish","type":"post","link":"https:\/\/www.ilmercoledi.news\/2024\/05\/08\/pecetto-gimkana-ciclistica-organizzata-dallasd-ciclismo\/","title":{"rendered":"PECETTO &#8211; Gimkana ciclistica organizzata dall\u2019Asd Ciclismo"},"content":{"rendered":"<p>Dai 3 ai 99 anni e con qualsiasi bici, l\u2019importante \u00e8 indossare il casco. E\u2019 davvero aperta a tutti la gimkana ciclistica organizzata dall\u2019Asd Ciclismo Pecetto per questa domenica, 12 maggio, sul piazzale delle Ciliegie. Un evento che vuole commemorare gli 800 anni di Pecetto, non a caso il circuito riprodurr\u00e0 proprio un otto e due zeri in sequenza, con tanto di ostacoli da superare. Un vero cimento per chi vorr\u00e0 testare la propria abilit\u00e0 sui pedali insieme agli istruttori del sodalizio pecettese. Il ritrovo \u00e8 fissato per le 9.30, i test avranno inizio alle 10 e termineranno intorno a mezzogiorno. Non resta che presentarsi con casco e bicicletta e partecipare.<\/p>\n","protected":false},"excerpt":{"rendered":"","protected":false},"author":11,"featured_media":11346,"comment_status":"open","ping_status":"closed","sticky":false,"template":"","format":"standard","meta":[],"categories":[34],"tags":[],"news-destination":[],"news-source":[],"is_homepage":[581],"ta_other":[],"_links":{"self":[{"href":"https:\/\/www.ilmercoledi.news\/ilmercoledi\/news\/wp-json\/wp\/v2\/posts\/60404"}],"collection":[{"href":"https:\/\/www.ilmercoledi.news\/ilmercoledi\/news\/wp-json\/wp\/v2\/posts"}],"about":[{"href":"https:\/\/www.ilmercoledi.news\/ilmercoledi\/news\/wp-json\/wp\/v2\/types\/post"}],"author":[{"embeddable":true,"href":"https:\/\/www.ilmercoledi.news\/ilmercoledi\/news\/wp-json\/wp\/v2\/users\/11"}],"replies":[{"embeddable":true,"href":"https:\/\/www.ilmercoledi.news\/ilmercoledi\/news\/wp-json\/wp\/v2\/comments?post=60404"}],"version-history":[{"count":1,"href":"https:\/\/www.ilmercoledi.news\/ilmercoledi\/news\/wp-json\/wp\/v2\/posts\/60404\/revisions"}],"predecessor-version":[{"id":63590,"href":"https:\/\/www.ilmercoledi.news\/ilmercoledi\/news\/wp-json\/wp\/v2\/posts\/60404\/revisions\/63590"}],"wp:featuredmedia":[{"embeddable":true,"href":"https:\/\/www.ilmercoledi.news\/ilmercoledi\/news\/wp-json\/wp\/v2\/media\/11346"}],"wp:attachment":[{"href":"https:\/\/www.ilmercoledi.news\/ilmercoledi\/news\/wp-json\/wp\/v2\/media?parent=60404"}],"wp:term":[{"taxonomy":"category","embeddable":true,"href":"https:\/\/www.ilmercoledi.news\/ilmercoledi\/news\/wp-json\/wp\/v2\/categories?post=60404"},{"taxonomy":"post_tag","embeddable":true,"href":"https:\/\/www.ilmercoledi.news\/ilmercoledi\/news\/wp-json\/wp\/v2\/tags?post=60404"},{"taxonomy":"news-destination","embeddable":true,"href":"https:\/\/www.ilmercoledi.news\/ilmercoledi\/news\/wp-json\/wp\/v2\/news-destination?post=60404"},{"taxonomy":"news-source","embeddable":true,"href":"https:\/\/www.ilmercoledi.news\/ilmercoledi\/news\/wp-json\/wp\/v2\/news-source?post=60404"},{"taxonomy":"is_homepage","embeddable":true,"href":"https:\/\/www.ilmercoledi.news\/ilmercoledi\/news\/wp-json\/wp\/v2\/is_homepage?post=60404"},{"taxonomy":"ta_other","embeddable":true,"href":"https:\/\/www.ilmercoledi.news\/ilmercoledi\/news\/wp-json\/wp\/v2\/ta_other?post=60404"}],"curies":[{"name":"wp","href":"https:\/\/api.w.org\/{rel}","templated":true}]}}