{"id":60437,"date":"2024-05-08T14:45:10","date_gmt":"2024-05-08T12:45:10","guid":{"rendered":"https:\/\/euwps06.newsmemory.com\/ilmercoledi\/news\/?p=60437"},"modified":"2024-08-29T03:41:01","modified_gmt":"2023-11-03T03:41:01","slug":"moncalieri-nuovo-appuntamento-con-il-martedi-dei-ragazzi-20240508-1245-103062","status":"publish","type":"post","link":"https:\/\/www.ilmercoledi.news\/2024\/05\/08\/moncalieri-nuovo-appuntamento-con-il-martedi-dei-ragazzi-20240508-1245-103062\/","title":{"rendered":"MONCALIERI &#8211; Nuovo appuntamento con il marted\u00ec dei ragazzi"},"content":{"rendered":"<p>Il Marted\u00ec dei Ragazzi, appuntamento dedicato ai bambini in biblioteca a Moncalieri, questa volta parler\u00e0 di &#8220;Quando avevo paura del buio&#8221;. Appuntamento marted\u00ec 14 maggio alle ore 17,30. Dedicato a bambini fino a sei anni e le loro famiglie, nel piccolo anfiteatro Millecolori. Uno spazio per leggere insieme immersi in un bosco di libri. Con Eva Gomiero.<\/p>\n","protected":false},"excerpt":{"rendered":"","protected":false},"author":11,"featured_media":51062,"comment_status":"open","ping_status":"closed","sticky":false,"template":"","format":"standard","meta":[],"categories":[34],"tags":[],"news-destination":[],"news-source":[],"is_homepage":[581],"ta_other":[],"_links":{"self":[{"href":"https:\/\/www.ilmercoledi.news\/ilmercoledi\/news\/wp-json\/wp\/v2\/posts\/60437"}],"collection":[{"href":"https:\/\/www.ilmercoledi.news\/ilmercoledi\/news\/wp-json\/wp\/v2\/posts"}],"about":[{"href":"https:\/\/www.ilmercoledi.news\/ilmercoledi\/news\/wp-json\/wp\/v2\/types\/post"}],"author":[{"embeddable":true,"href":"https:\/\/www.ilmercoledi.news\/ilmercoledi\/news\/wp-json\/wp\/v2\/users\/11"}],"replies":[{"embeddable":true,"href":"https:\/\/www.ilmercoledi.news\/ilmercoledi\/news\/wp-json\/wp\/v2\/comments?post=60437"}],"version-history":[{"count":1,"href":"https:\/\/www.ilmercoledi.news\/ilmercoledi\/news\/wp-json\/wp\/v2\/posts\/60437\/revisions"}],"predecessor-version":[{"id":63618,"href":"https:\/\/www.ilmercoledi.news\/ilmercoledi\/news\/wp-json\/wp\/v2\/posts\/60437\/revisions\/63618"}],"wp:featuredmedia":[{"embeddable":true,"href":"https:\/\/www.ilmercoledi.news\/ilmercoledi\/news\/wp-json\/wp\/v2\/media\/51062"}],"wp:attachment":[{"href":"https:\/\/www.ilmercoledi.news\/ilmercoledi\/news\/wp-json\/wp\/v2\/media?parent=60437"}],"wp:term":[{"taxonomy":"category","embeddable":true,"href":"https:\/\/www.ilmercoledi.news\/ilmercoledi\/news\/wp-json\/wp\/v2\/categories?post=60437"},{"taxonomy":"post_tag","embeddable":true,"href":"https:\/\/www.ilmercoledi.news\/ilmercoledi\/news\/wp-json\/wp\/v2\/tags?post=60437"},{"taxonomy":"news-destination","embeddable":true,"href":"https:\/\/www.ilmercoledi.news\/ilmercoledi\/news\/wp-json\/wp\/v2\/news-destination?post=60437"},{"taxonomy":"news-source","embeddable":true,"href":"https:\/\/www.ilmercoledi.news\/ilmercoledi\/news\/wp-json\/wp\/v2\/news-source?post=60437"},{"taxonomy":"is_homepage","embeddable":true,"href":"https:\/\/www.ilmercoledi.news\/ilmercoledi\/news\/wp-json\/wp\/v2\/is_homepage?post=60437"},{"taxonomy":"ta_other","embeddable":true,"href":"https:\/\/www.ilmercoledi.news\/ilmercoledi\/news\/wp-json\/wp\/v2\/ta_other?post=60437"}],"curies":[{"name":"wp","href":"https:\/\/api.w.org\/{rel}","templated":true}]}}