{"id":60469,"date":"2024-05-10T08:38:16","date_gmt":"2024-05-10T06:38:16","guid":{"rendered":"https:\/\/euwps06.newsmemory.com\/ilmercoledi\/news\/?p=60469"},"modified":"2024-08-29T03:41:01","modified_gmt":"2023-11-03T03:41:01","slug":"carmagnola-letti-di-notte-2024-sara-unedizione-da-urlo","status":"publish","type":"post","link":"https:\/\/www.ilmercoledi.news\/2024\/05\/10\/carmagnola-letti-di-notte-2024-sara-unedizione-da-urlo\/","title":{"rendered":"CARMAGNOLA &#8211; Letti di notte 2024: sar\u00e0 un&#8217;edizione da urlo"},"content":{"rendered":"<p>Un istrionico e in grande forma Maurizio Liberti ha presentato l&#8217;edizione 2024 di Letti di notte. Gremita la sala presso la sede della Banca dei Territori del Monviso, a Carmagnola, nella serata di ieri, ma del resto l&#8217;atmosfera era quella delle grandi occasioni e l&#8217;attesa per ci\u00f2 che da l\u00ec a poco sarebbe stato detto era davvero tanta. Silenzio sacrale quindi quando il patron ha iniziato ad elencare le novit\u00e0 di quest&#8217;anno, che ora scopriamo insieme sullo spazio web de il Mercoled\u00ec.<br \/>\nIl Festival letterario-pop \u201cLetti di Notte\u201d 2024 si svolger\u00e0 a Carmagnola dal\u2019 11 al<br \/>\n15 giugno compresi. L\u2019evento, alla sua nona edizione consecutiva, viene nuovamente ospitato<br \/>\nall\u2019interno del parco di Cascina Vigna, in via San Francesco di Sales 188; \u00e8 organizzato dal<br \/>\nGruppo di Lettura Carmagnola e dal Comune di Carmagnola nell\u2019ambito delle iniziative per il Mese<br \/>\ndella Cultura, con l\u2019obiettivo di diffondere il piacere della lettura, mescolando le Arti.<br \/>\nConfermata la formula sempre pi\u00f9 \u201cpop\u201d del Festival, che lo scorso anno ha fatto registrare \u201csold<br \/>\nout\u201d in tutte le serate, con una media di oltre 500 spettatori ad appuntamento: gli autori ospiti<br \/>\npresentano le loro opere e dialogano con i giornalisti-intervistatori, rispondendo anche alle<br \/>\ndomande del pubblico e rendendosi disponibili per il firma-copie dei libri a fine serata.<br \/>\nQuesto il programma ufficiale 2023:<br \/>\n\u2022 marted\u00ec 11 giugno: Mario Monti<br \/>\n\u2022 mercoled\u00ec 12 giugno: Marino Bartoletti<br \/>\n\u2022 gioved\u00ec 13 giugno: Gino Cecchettin<br \/>\n\u2022 venerd\u00ec 14 giugno: Daniele Bossari<br \/>\n\u2022 sabato 15 giugno: Candida Morvillo<br \/>\nTutti gli incontri hanno inizio alle ore 21, a ingresso gratuito fino a esaurimento dei posti<br \/>\ndisponibili (non \u00e8 prevista la prenotazione); sono trasmessi anche in diretta streaming online,<br \/>\nsulla pagina Facebook ufficiale \u201cLetti di Notte Carmagnola\u201d e sulle pagine social dei partner.<br \/>\nOgni sera si esibiscono gli artisti di Essenza Danza, con momenti di ballo ispirati ai vari libri e agli<br \/>\nscrittori presenti sul palco, e anche quest\u2019anno si prosegue con il \u201cDopo Festival\u201d, momento<br \/>\nconviviale eno-gastronomico punteggiato dalle performance artistiche dei ragazzi della compagnia<br \/>\nteatrale Il buon Teatraccio e l\u2019accompagnamento del duo composto da Pietro Antonielli (pianoforte)<br \/>\ne William Digiugno (sax).<br \/>\nNovit\u00e0 di quest\u2019anno il Contest fotografico \u201cIl piacere di leggere\u201d realizzato con il fondamentale<br \/>\ncontributo del Circolo fotografico La Fonte e del circuito bibliotecario Sbam. Oltre cento fotografie<br \/>\nsono state valutate dalle giuria di tecnici che ha selezionato le dieci migliori che verranno giudicate<br \/>\ne votate dal pubblico direttamente sulla pagina Instagram della Banca Territori del Monviso.<br \/>\nNotte al museo sar\u00e0 invece il nome di uno spazio gratuito aperto al pubblico durante il Festival nel<br \/>\nquale verranno ospitate le dieci fotografie finaliste del contest fotografico \u201cIl piacere di leggere\u201d, le<br \/>\nopere pittoriche degli artisti carmagnolesi del Centro Artistico Culturale e quelle dei ragazzi di<br \/>\nNormalmente.<br \/>\nDisponibili ampio parcheggio e servizio bar e ristorante fino alle 22; in caso di maltempo la<br \/>\nmanifestazione si svolge al coperto nell\u2019area degli Antichi Bastioni, nella piazza omonima.<br \/>\nTanti anche gli eventi collaterali previsti. A partire da inizio giugno e per tutta la durata dell\u2019evento \u00e8<br \/>\nin vendita per il secondo anno consecutivo, in edizione limitata, \u201cBook Pie\u201d, dolce speciale ideato<br \/>\ndalle panetterie cittadine in onore della manifestazione. Quest\u2019anno la croccante frolla al cioccolato<br \/>\nracchiuder\u00e0 una audace farcitura ai frutti di bosco.<br \/>\nPer festeggiare l\u2019arrivo di un\u2019estate che si preannuncia torrida, i gelatai cittadini proporranno la<br \/>\n\u201cBook cream\u201d, gelato ispirato ai sapori della \u201cBook pie\u201d: ognuno con una libera interpretazione<br \/>\nma sempre con protagonisti il cioccolato ed i frutti di bosco.<br \/>\nViene quindi riproposto il concorso vetrine per i negozi del territorio, chiedendo di realizzare<br \/>\nallestimenti a tema libro\/letteratura. Una bellissima crociera nel Mediterraneo offerta da Gattinoni<br \/>\nPoint Carmagnola.<br \/>\nNella serata di gioved\u00ec 13 \u00e8 in programma anche la premiazione degli studenti delle scuole<br \/>\ncarmagnolesi finalisti del contest letterario \u201cAdesso scrivo io\u201d, con presentazione del nuovo<br \/>\nlibro contenente i migliori racconti dedicati alla musica, sempre edito da Buendia Books, piccola<br \/>\nma combattiva casa editrice indipendente torinese.<br \/>\n\u00abLetti di Notte 2024, sulla scia delle edizioni precedenti, si conferma una manifestazione in grado<br \/>\ndi portare sul palco di Cascina Vigna tanti personaggi di rilievo, ciascuno nel proprio ambito, con<br \/>\nl\u2019obiettivo di incuriosire e appassionare sia chi \u00e8 gi\u00e0 appassionato di lettura sia i lettori occasionali<br \/>\n-dichiara Maurizio Liberti, direttore artistico della manifestazione- Il Festival, oltre a voler<br \/>\navvicinare chi scrive a chi legge, mira ancora una volta a creare sempre pi\u00f9 contaminazioni tra la<br \/>\nLetteratura e le altre Arti (quest\u2019anno si aggiungono la fotografia e la pittura), ponendosi come un<br \/>\nmomento di approfondimento culturale, di socialit\u00e0 e anche di svago, in un\u2019atmosfera vivace di<br \/>\nreciproco scambio e conoscenza\u00bb.<br \/>\nLetti di Notte 2024 ha il patrocinio di Regione Piemonte, della Citt\u00e0 metropolitana di Torino e del<br \/>\nCentro per il Libro e la Lettura \u2013 Citt\u00e0 che Legge; \u00e8 organizzato in collaborazione con la<br \/>\nFondazione di comunit\u00e0 Carmagnola, Essenza Danza, il progetto NormalMente, FaVolHa, il<br \/>\nCircolo fotografico \u201cLa Fonte\u201d, Pasta Berruto, il Consorzio di Tutela del Roero, l\u2019Associazione<br \/>\nItaliana Sommelier e Buendia Books.<br \/>\nL\u2019evento rientra nel catalogo \u201cLuci sui Festival\u201d del Salone Internazionale del Libro di Torino. Il<br \/>\nmanifesto originale del Festival 2024 \u00e8 stato disegnato dall\u2019illustratore e scrittore Federico Appel.<br \/>\nNumerosi eventi collaterali sono stati pensati per diffondere il Festival a livello cittadino e non solo,<br \/>\narrivando anche ai non lettori.<br \/>\nPer ulteriori informazioni e per contatti visitare la pagina Facebook \u201cLetti di Notte Carmagnola\u201d, o<br \/>\nil sito www.gruppodilettura.net. In alternativa scrivere all\u2019indirizzo email gdlcarmagnola@gmail.com<br \/>\noppure chiamare il numero 392-5938504.<\/p>\n","protected":false},"excerpt":{"rendered":"","protected":false},"author":10,"featured_media":60468,"comment_status":"open","ping_status":"closed","sticky":false,"template":"","format":"standard","meta":[],"categories":[34,9],"tags":[],"news-destination":[],"news-source":[],"is_homepage":[581],"ta_other":[],"_links":{"self":[{"href":"https:\/\/www.ilmercoledi.news\/ilmercoledi\/news\/wp-json\/wp\/v2\/posts\/60469"}],"collection":[{"href":"https:\/\/www.ilmercoledi.news\/ilmercoledi\/news\/wp-json\/wp\/v2\/posts"}],"about":[{"href":"https:\/\/www.ilmercoledi.news\/ilmercoledi\/news\/wp-json\/wp\/v2\/types\/post"}],"author":[{"embeddable":true,"href":"https:\/\/www.ilmercoledi.news\/ilmercoledi\/news\/wp-json\/wp\/v2\/users\/10"}],"replies":[{"embeddable":true,"href":"https:\/\/www.ilmercoledi.news\/ilmercoledi\/news\/wp-json\/wp\/v2\/comments?post=60469"}],"version-history":[{"count":1,"href":"https:\/\/www.ilmercoledi.news\/ilmercoledi\/news\/wp-json\/wp\/v2\/posts\/60469\/revisions"}],"predecessor-version":[{"id":60495,"href":"https:\/\/www.ilmercoledi.news\/ilmercoledi\/news\/wp-json\/wp\/v2\/posts\/60469\/revisions\/60495"}],"wp:featuredmedia":[{"embeddable":true,"href":"https:\/\/www.ilmercoledi.news\/ilmercoledi\/news\/wp-json\/wp\/v2\/media\/60468"}],"wp:attachment":[{"href":"https:\/\/www.ilmercoledi.news\/ilmercoledi\/news\/wp-json\/wp\/v2\/media?parent=60469"}],"wp:term":[{"taxonomy":"category","embeddable":true,"href":"https:\/\/www.ilmercoledi.news\/ilmercoledi\/news\/wp-json\/wp\/v2\/categories?post=60469"},{"taxonomy":"post_tag","embeddable":true,"href":"https:\/\/www.ilmercoledi.news\/ilmercoledi\/news\/wp-json\/wp\/v2\/tags?post=60469"},{"taxonomy":"news-destination","embeddable":true,"href":"https:\/\/www.ilmercoledi.news\/ilmercoledi\/news\/wp-json\/wp\/v2\/news-destination?post=60469"},{"taxonomy":"news-source","embeddable":true,"href":"https:\/\/www.ilmercoledi.news\/ilmercoledi\/news\/wp-json\/wp\/v2\/news-source?post=60469"},{"taxonomy":"is_homepage","embeddable":true,"href":"https:\/\/www.ilmercoledi.news\/ilmercoledi\/news\/wp-json\/wp\/v2\/is_homepage?post=60469"},{"taxonomy":"ta_other","embeddable":true,"href":"https:\/\/www.ilmercoledi.news\/ilmercoledi\/news\/wp-json\/wp\/v2\/ta_other?post=60469"}],"curies":[{"name":"wp","href":"https:\/\/api.w.org\/{rel}","templated":true}]}}