{"id":60516,"date":"2024-05-14T14:32:21","date_gmt":"2024-05-14T12:32:21","guid":{"rendered":"https:\/\/euwps06.newsmemory.com\/ilmercoledi\/news\/?p=60516"},"modified":"2024-08-29T03:40:57","modified_gmt":"2023-11-03T03:40:57","slug":"carmagnola-gli-eventi-citta-attesa-del-tour-de-france","status":"publish","type":"post","link":"https:\/\/www.ilmercoledi.news\/2024\/05\/14\/carmagnola-gli-eventi-citta-attesa-del-tour-de-france\/","title":{"rendered":"CARMAGNOLA &#8211; Gli eventi in citt\u00e0 in attesa del Tour de France"},"content":{"rendered":"<p>Il Comune di Carmagnola si prepara ad accogliere il Tour de France con una serie di eventi che coinvolgeranno cittadini e visitatori, celebrando la passione per il ciclismo e l&#8217;attesa per l&#8217;arrivo della prestigiosa corsa. Il calendario di eventi, riunito sotto il titolo &#8220;Aspettando il Tour de France&#8221;, include numerose iniziative che culmineranno il 1\u00b0 luglio con il passaggio della competizione ciclistica attraverso la citt\u00e0.<\/p>\n<p>&nbsp;<\/p>\n<p>Si \u00e8 da poco concluso il \u201c<strong>Concorso di idee Citt\u00e0 di Carmagnola \u2013 Aspettando il Tour de France&#8221;<\/strong>\u00a0che, aperto a giovani residenti di et\u00e0 compresa tra i 18 e i 29 anni, ha visto la partecipazione di otto bozzetti creativi ed ha rappresentato un momento significativo nel coinvolgere i giovani carmagnolesi nella\u00a0<strong>progettazione di un murales nel sottopasso di Santa Rita<\/strong>, un punto di passaggio significativo del Tour. Sofia Piovano, che si \u00e8 aggiudicata il concorso con un bozzetto che la giuria ha ritenuto pi\u00f9 meritevole e rappresentativo della storia di Carmagnola e dei suoi legami con la Francia, realizzer\u00e0 il murales in collaborazione con i partecipanti al laboratorio Piazza Ragazzabile, in tempo per il passaggio della celebre competizione.<\/p>\n<p>&nbsp;<\/p>\n<p>Il\u00a0<strong>25 e il 26 maggio<\/strong>\u00a0\u00e8 in programma\u00a0<strong>Bricks &amp; Friends, festival di mattoncini LEGO\u00ae<\/strong>\u00a0in vari luoghi del centro citt\u00e0 che propone una grande mostra diffusa di oltre 80 espositori in 1.700 mq, laboratori, un film, uno spettacolo di circo teatro, aree ludiche ed iniziative di solidariet\u00e0 nei confronti di bimbi diversamente abili e bimbi in cura presso reparti di oncoematologia pediatrica, in collaborazione con Io Mislego di Macerata, UGI ODV Torino e i pasticceri della citt\u00e0.<\/p>\n<p><strong>Uno dei temi delle esposizioni sar\u00e0 legato al mondo dello sport, in particolare al Tour de France, con un\u2019opera realizzata per l\u2019occasione da amanti dei famosi mattoncini e del ciclismo<\/strong>.<\/p>\n<p>&nbsp;<\/p>\n<p>Il\u00a0<strong>23 giugno<\/strong>\u00a0\u00e8 in programma la\u00a0<strong>Pedalata ecologica<\/strong>, manifestazione cicloturistica non competitiva di 20-22 km nel centro storico e nei borghi carmagnolesi lungo strade asfaltate e sterrate.\u00a0<strong>Parte del percorso, ancora da definire, si snoder\u00e0 lungo il tracciato che verr\u00e0 affrontato la settimana successiva dai ciclisti del Tour<\/strong>. L\u2019evento \u00e8 a Cura del Comune di Carmagnola e della Pro Loco Carmagnola in collaborazione con l\u2019A.S.D. Pedale Carmagnolese e l\u2019A.S.D. Team SF Groppo.<\/p>\n<p>&nbsp;<\/p>\n<p>Il\u00a0<strong>27 giugno<\/strong>\u00a0il primo appuntamento di\u00a0<strong>\u201cGioved\u00ec sotto le Stelle\u201d<\/strong>, storica kermesse estiva di eventi, intrattenimenti e proposte culinarie,\u00a0<strong>si svolger\u00e0 in Borgo Vecchio, nella zona che pochi giorni dopo vedr\u00e0 transitare i ciclisti del Tour.\u00a0<\/strong>Saranno organizzate numerose iniziative a tema ciclistico, con allestimenti &#8220;in giallo&#8221; delle vie e delle vetrine dei commercianti.<\/p>\n<p>&nbsp;<\/p>\n<p>Il\u00a0<strong>29 giugno<\/strong>\u00a0\u00e8 in programma un evento con lo\u00a0<strong>scrittore Franco Bocca<\/strong>\u00a0e la\u00a0<strong>presentazione dei suoi libri dedicati ai grandi campioni del ciclismo piemontese<\/strong>, con la partecipazione di ospiti d&#8217;onore come\u00a0<strong>Franco Balmamion<\/strong>\u00a0ed\u00a0<strong>Italo<\/strong>\u00a0<strong>Zilioli<\/strong>.<\/p>\n<p>Il passaggio del Tour de France rappresenta un evento unico poich\u00e9, alla passione con la quale in genere ci si prepara ai frequenti passaggi del Giro d\u2019Italia, si unisce il fascino di vedere Carmagnola sulle televisioni francesi e la possibilit\u00e0 di portare alla memoria il suo storico legame con la nazione transalpina.<\/p>\n<p>&nbsp;<\/p>\n","protected":false},"excerpt":{"rendered":"","protected":false},"author":11,"featured_media":11346,"comment_status":"open","ping_status":"closed","sticky":false,"template":"","format":"standard","meta":[],"categories":[34],"tags":[],"news-destination":[],"news-source":[],"is_homepage":[581],"ta_other":[],"_links":{"self":[{"href":"https:\/\/www.ilmercoledi.news\/ilmercoledi\/news\/wp-json\/wp\/v2\/posts\/60516"}],"collection":[{"href":"https:\/\/www.ilmercoledi.news\/ilmercoledi\/news\/wp-json\/wp\/v2\/posts"}],"about":[{"href":"https:\/\/www.ilmercoledi.news\/ilmercoledi\/news\/wp-json\/wp\/v2\/types\/post"}],"author":[{"embeddable":true,"href":"https:\/\/www.ilmercoledi.news\/ilmercoledi\/news\/wp-json\/wp\/v2\/users\/11"}],"replies":[{"embeddable":true,"href":"https:\/\/www.ilmercoledi.news\/ilmercoledi\/news\/wp-json\/wp\/v2\/comments?post=60516"}],"version-history":[{"count":1,"href":"https:\/\/www.ilmercoledi.news\/ilmercoledi\/news\/wp-json\/wp\/v2\/posts\/60516\/revisions"}],"predecessor-version":[{"id":63555,"href":"https:\/\/www.ilmercoledi.news\/ilmercoledi\/news\/wp-json\/wp\/v2\/posts\/60516\/revisions\/63555"}],"wp:featuredmedia":[{"embeddable":true,"href":"https:\/\/www.ilmercoledi.news\/ilmercoledi\/news\/wp-json\/wp\/v2\/media\/11346"}],"wp:attachment":[{"href":"https:\/\/www.ilmercoledi.news\/ilmercoledi\/news\/wp-json\/wp\/v2\/media?parent=60516"}],"wp:term":[{"taxonomy":"category","embeddable":true,"href":"https:\/\/www.ilmercoledi.news\/ilmercoledi\/news\/wp-json\/wp\/v2\/categories?post=60516"},{"taxonomy":"post_tag","embeddable":true,"href":"https:\/\/www.ilmercoledi.news\/ilmercoledi\/news\/wp-json\/wp\/v2\/tags?post=60516"},{"taxonomy":"news-destination","embeddable":true,"href":"https:\/\/www.ilmercoledi.news\/ilmercoledi\/news\/wp-json\/wp\/v2\/news-destination?post=60516"},{"taxonomy":"news-source","embeddable":true,"href":"https:\/\/www.ilmercoledi.news\/ilmercoledi\/news\/wp-json\/wp\/v2\/news-source?post=60516"},{"taxonomy":"is_homepage","embeddable":true,"href":"https:\/\/www.ilmercoledi.news\/ilmercoledi\/news\/wp-json\/wp\/v2\/is_homepage?post=60516"},{"taxonomy":"ta_other","embeddable":true,"href":"https:\/\/www.ilmercoledi.news\/ilmercoledi\/news\/wp-json\/wp\/v2\/ta_other?post=60516"}],"curies":[{"name":"wp","href":"https:\/\/api.w.org\/{rel}","templated":true}]}}