{"id":60621,"date":"2024-05-21T07:10:54","date_gmt":"2024-05-21T05:10:54","guid":{"rendered":"https:\/\/euwps06.newsmemory.com\/ilmercoledi\/news\/?p=60621"},"modified":"2024-08-29T03:40:54","modified_gmt":"2023-11-03T03:40:54","slug":"pecetto-torna-la-rassegna-letteraria-scrittori-sotto-le-stelle","status":"publish","type":"post","link":"https:\/\/www.ilmercoledi.news\/2024\/05\/21\/pecetto-torna-la-rassegna-letteraria-scrittori-sotto-le-stelle\/","title":{"rendered":"PECETTO &#8211; Torna la rassegna letteraria &#8216;Scrittori sotto le stelle&#8217;"},"content":{"rendered":"<p>Nuova edizione per la rassegna letteraria \u201cScrittori sotto le stelle\u201d, realizzata dalla biblioteca comunale Allason di Pecetto in collaborazione con la libreria Mondadori di Chieri.<\/p>\n<p>&nbsp;<\/p>\n<p>Quattro nuovi appuntamenti serali, con altrettanti scrittori, nel verde del parco del Comune di Pecetto (via Umberto I, 3), nella speranza che il bel tempo faccia da cornice alle serate. In caso contrario, gli incontri saranno comunque confermati ma si svolgeranno nella Chiesa dei Bat\u00f9 (piazzale Roma).<\/p>\n<p>&nbsp;<\/p>\n<p>Si partir\u00e0\u00a0gioved\u00ec 6 giugno, quando alle ore 21 accoglieremo\u00a0Sara Rattaro, che ci presenter\u00e0 \u201c<i>Io sono Marie Curie<\/i>\u201d (Sperling &amp; Kupfer), in cui racconta in forma romanzata la figura di questa donna e scienziata prodigiosa, che giunge fino a noi per portare un messaggio ancora potentemente contemporaneo: indossate il vostro coraggio e sfidate il mondo!<\/p>\n<p>Mentre si immerge nelle intricate ricerche per la sua seconda laurea in Matematica, dopo aver conseguito quella in Fisica, Marie s&#8217;imbatte in Pierre, un animo affine in grado di decifrare la sua mente complessa. Tra loro nasce un connubio di intelletti straordinari, uniti dalla sete di conoscenza e dalla volont\u00e0 di esplorare insieme gli enigmi dell&#8217;universo. Ma Marie, fin da giovane, rifiuta il destino di moglie tradizionale, respingendo l&#8217;idea di confinarsi tra le mura domestiche. Per lei, l&#8217;amore per la scienza \u00e8 un compagno di viaggio che la guida lungo un percorso inedito. Quando si ritrova improvvisamente sola, costretta a confrontarsi con l&#8217;ostilit\u00e0 dell&#8217;ambiente scientifico maschilista e conservatore, inizier\u00e0 una battaglia per affermare la sua identit\u00e0 e il suo ruolo nel mondo.<\/p>\n<p>&nbsp;<\/p>\n<p>Seguir\u00e0,\u00a0mercoled\u00ec 12 giugno\u00a0sempre alle ore 21, il ritorno dello scrittore\u00a0Luca Bianchini\u00a0per presentare la sua ultima uscita:\u00a0<i>\u201cIl cuore \u00e8 uno zingaro<\/i>\u201d (Mondadori). Dopo il successo de &#8220;Le mogli hanno sempre ragione&#8221;, Bianchini torna a intrattenere i suoi lettori con una nuova spassosa commedia gialla ambientata a Bressanone, in Alto Adige, a pochi chilometri dall&#8217;Austria. Proprio qui Gabriel Manero, una vecchia gloria della musica pop italiana atteso per un concerto, verr\u00e0 trovato senza vita. Al maresciallo Gino Clemente, aiutato dalla moglie, dal cane Brinkley e dal proprio formidabile intuito, il compito di risolvere quello che sembra un enigma incomprensibile&#8230;<\/p>\n<p>&nbsp;<\/p>\n<p>Gioved\u00ec 20 giugno\u00a0alle ore 21, l&#8217;autrice eporediese\u00a0Francesca Mautino\u00a0ci proporr\u00e0 \u201c<i>Qualcuno che conoscevo<\/i>\u201d (Longanesi), un altro giallo leggero ambientato questa volta a Torino, tra palazzi signorili e gli atenei della citt\u00e0. Protagonista Valentina Bronti, trentenne torinese, una burrascosa carriera messa fra parentesi per l&#8217;arrivo delle sue tre gemelline (Emilia, Carlotta e Anna, come le celebri sorelle Bront\u00eb) e una difficile situazione sentimentale. Valentina si ritrover\u00e0 ad indagare sul caso di una ragazza scomparsa, scoprendo una storia piena di ombre e bugie&#8230;<\/p>\n<p>&nbsp;<\/p>\n<p>Infine,\u00a0mercoled\u00ec 26 giugno, concluderemo la rassegna estiva con l&#8217;ultimo appuntamento: alle 21 sar\u00e0\u00a0Matteo Saudino\u00a0a presentarci &#8220;<i>Star Wars e la filosofia<\/i>&#8221; (Vallardi).<\/p>\n<p>Cosa unisce Darth Vader e Nietzsche? E la principessa Leia e il femminismo rivoluzionario? Dal professore di Filosofia pi\u00f9 amato d&#8217;Italia, docente al Liceo Gioberti di Torino e inventore di\u00a0<i>BarbaSophia<\/i>, il canale Youtube di lezioni di Filosofia e Storia pi\u00f9 grande d\u2019Italia, un viaggio intergalattico che tocca i pi\u00f9 importanti temi filosofici (dal conflitto bene\/male alla dicotomia verit\u00e0\/apparenza, al rapporto tra coscienza e intelligenza artificiale&#8230;), tutti osservati da una prospettiva inedita e audace.<\/p>\n","protected":false},"excerpt":{"rendered":"","protected":false},"author":11,"featured_media":11845,"comment_status":"open","ping_status":"closed","sticky":false,"template":"","format":"standard","meta":[],"categories":[34],"tags":[],"news-destination":[],"news-source":[],"is_homepage":[581],"ta_other":[],"_links":{"self":[{"href":"https:\/\/www.ilmercoledi.news\/ilmercoledi\/news\/wp-json\/wp\/v2\/posts\/60621"}],"collection":[{"href":"https:\/\/www.ilmercoledi.news\/ilmercoledi\/news\/wp-json\/wp\/v2\/posts"}],"about":[{"href":"https:\/\/www.ilmercoledi.news\/ilmercoledi\/news\/wp-json\/wp\/v2\/types\/post"}],"author":[{"embeddable":true,"href":"https:\/\/www.ilmercoledi.news\/ilmercoledi\/news\/wp-json\/wp\/v2\/users\/11"}],"replies":[{"embeddable":true,"href":"https:\/\/www.ilmercoledi.news\/ilmercoledi\/news\/wp-json\/wp\/v2\/comments?post=60621"}],"version-history":[{"count":1,"href":"https:\/\/www.ilmercoledi.news\/ilmercoledi\/news\/wp-json\/wp\/v2\/posts\/60621\/revisions"}],"predecessor-version":[{"id":63438,"href":"https:\/\/www.ilmercoledi.news\/ilmercoledi\/news\/wp-json\/wp\/v2\/posts\/60621\/revisions\/63438"}],"wp:featuredmedia":[{"embeddable":true,"href":"https:\/\/www.ilmercoledi.news\/ilmercoledi\/news\/wp-json\/wp\/v2\/media\/11845"}],"wp:attachment":[{"href":"https:\/\/www.ilmercoledi.news\/ilmercoledi\/news\/wp-json\/wp\/v2\/media?parent=60621"}],"wp:term":[{"taxonomy":"category","embeddable":true,"href":"https:\/\/www.ilmercoledi.news\/ilmercoledi\/news\/wp-json\/wp\/v2\/categories?post=60621"},{"taxonomy":"post_tag","embeddable":true,"href":"https:\/\/www.ilmercoledi.news\/ilmercoledi\/news\/wp-json\/wp\/v2\/tags?post=60621"},{"taxonomy":"news-destination","embeddable":true,"href":"https:\/\/www.ilmercoledi.news\/ilmercoledi\/news\/wp-json\/wp\/v2\/news-destination?post=60621"},{"taxonomy":"news-source","embeddable":true,"href":"https:\/\/www.ilmercoledi.news\/ilmercoledi\/news\/wp-json\/wp\/v2\/news-source?post=60621"},{"taxonomy":"is_homepage","embeddable":true,"href":"https:\/\/www.ilmercoledi.news\/ilmercoledi\/news\/wp-json\/wp\/v2\/is_homepage?post=60621"},{"taxonomy":"ta_other","embeddable":true,"href":"https:\/\/www.ilmercoledi.news\/ilmercoledi\/news\/wp-json\/wp\/v2\/ta_other?post=60621"}],"curies":[{"name":"wp","href":"https:\/\/api.w.org\/{rel}","templated":true}]}}