{"id":60625,"date":"2024-05-21T13:09:28","date_gmt":"2024-05-21T11:09:28","guid":{"rendered":"https:\/\/euwps05.newsmemory.com\/ilmercoledi\/news\/?p=60625"},"modified":"2024-08-29T03:40:54","modified_gmt":"2023-11-03T03:40:54","slug":"santena-processione-e-manifestazioni-del-2-giugno-ecco-le-limitazioni-al-traffico","status":"publish","type":"post","link":"https:\/\/www.ilmercoledi.news\/2024\/05\/21\/santena-processione-e-manifestazioni-del-2-giugno-ecco-le-limitazioni-al-traffico\/","title":{"rendered":"SANTENA &#8211; Processione e manifestazioni del 2 giugno: ecco le limitazioni al traffico"},"content":{"rendered":"<p>La processione del Corpus Domini e le manifestazioni legate alla ricorrenza del 2 giugno prossimo, obbligano il Comune di Santena ad alcune restrizioni della circolazione stradale. Dalle ore 08:00 alle ore 12:00 del 2 giugno 2024 \u00e8 stato infatti istituito il divieto di sosta con rimozione forzata in Via Cavour nel tratto da Piazza Martiri della Libert\u00e0 a Via Cavagli\u00e0, in Via Cavagli\u00e0 nel tratto da Via Cavour a Via Alfieri, in Via Alfieri e in Via Badini nel tratto da Via Alfieri a Via Cavour. Divieto anche di transito\u00a0in Piazza della Costituzione e Piazza Martiri della Libert\u00e0, Via Cavour nel tratto da Piazza Martiri della Libert\u00e0 a Piazza della Costituzione. Dalle 10:30 e fino al termine della processione religiosa stop al traffico veicolare in Piazza Martiri della Libert\u00e0, Via Cavour, Via Cavagli\u00e0, Via Alfieri, Via Badini, Via Cavour, Piazza Martiri della Libert\u00e0, Via Vittorio Veneto nel tratto da Piazza martiri della Libert\u00e0 a Via Milite Ignoto.<\/p>\n","protected":false},"excerpt":{"rendered":"","protected":false},"author":11,"featured_media":52503,"comment_status":"open","ping_status":"closed","sticky":false,"template":"","format":"standard","meta":[],"categories":[34],"tags":[],"news-destination":[],"news-source":[],"is_homepage":[581],"ta_other":[],"_links":{"self":[{"href":"https:\/\/www.ilmercoledi.news\/ilmercoledi\/news\/wp-json\/wp\/v2\/posts\/60625"}],"collection":[{"href":"https:\/\/www.ilmercoledi.news\/ilmercoledi\/news\/wp-json\/wp\/v2\/posts"}],"about":[{"href":"https:\/\/www.ilmercoledi.news\/ilmercoledi\/news\/wp-json\/wp\/v2\/types\/post"}],"author":[{"embeddable":true,"href":"https:\/\/www.ilmercoledi.news\/ilmercoledi\/news\/wp-json\/wp\/v2\/users\/11"}],"replies":[{"embeddable":true,"href":"https:\/\/www.ilmercoledi.news\/ilmercoledi\/news\/wp-json\/wp\/v2\/comments?post=60625"}],"version-history":[{"count":1,"href":"https:\/\/www.ilmercoledi.news\/ilmercoledi\/news\/wp-json\/wp\/v2\/posts\/60625\/revisions"}],"predecessor-version":[{"id":63437,"href":"https:\/\/www.ilmercoledi.news\/ilmercoledi\/news\/wp-json\/wp\/v2\/posts\/60625\/revisions\/63437"}],"wp:featuredmedia":[{"embeddable":true,"href":"https:\/\/www.ilmercoledi.news\/ilmercoledi\/news\/wp-json\/wp\/v2\/media\/52503"}],"wp:attachment":[{"href":"https:\/\/www.ilmercoledi.news\/ilmercoledi\/news\/wp-json\/wp\/v2\/media?parent=60625"}],"wp:term":[{"taxonomy":"category","embeddable":true,"href":"https:\/\/www.ilmercoledi.news\/ilmercoledi\/news\/wp-json\/wp\/v2\/categories?post=60625"},{"taxonomy":"post_tag","embeddable":true,"href":"https:\/\/www.ilmercoledi.news\/ilmercoledi\/news\/wp-json\/wp\/v2\/tags?post=60625"},{"taxonomy":"news-destination","embeddable":true,"href":"https:\/\/www.ilmercoledi.news\/ilmercoledi\/news\/wp-json\/wp\/v2\/news-destination?post=60625"},{"taxonomy":"news-source","embeddable":true,"href":"https:\/\/www.ilmercoledi.news\/ilmercoledi\/news\/wp-json\/wp\/v2\/news-source?post=60625"},{"taxonomy":"is_homepage","embeddable":true,"href":"https:\/\/www.ilmercoledi.news\/ilmercoledi\/news\/wp-json\/wp\/v2\/is_homepage?post=60625"},{"taxonomy":"ta_other","embeddable":true,"href":"https:\/\/www.ilmercoledi.news\/ilmercoledi\/news\/wp-json\/wp\/v2\/ta_other?post=60625"}],"curies":[{"name":"wp","href":"https:\/\/api.w.org\/{rel}","templated":true}]}}