{"id":60664,"date":"2024-05-23T07:16:23","date_gmt":"2024-05-23T05:16:23","guid":{"rendered":"https:\/\/euwps05.newsmemory.com\/ilmercoledi\/news\/?p=60664"},"modified":"2024-08-29T03:40:54","modified_gmt":"2023-11-03T03:40:54","slug":"maltempo-santena-salva-la-sagra-dellasparago-danni-lievi-alle-strutture","status":"publish","type":"post","link":"https:\/\/www.ilmercoledi.news\/2024\/05\/23\/maltempo-santena-salva-la-sagra-dellasparago-danni-lievi-alle-strutture\/","title":{"rendered":"MALTEMPO SANTENA &#8211; Salva la sagra dell&#8217;asparago, danni lievi alle strutture"},"content":{"rendered":"<p>Il maltempo di ieri ha colpito Santena senza risparmiare il PalAsparago, tensostruttura dedicata alla Sagra in corso, che ha riportato solo lievi danni. La grandine si \u00e8 accumulata sulla copertura, causando un piccolo cedimento vicino alla cucina, come riporta Pier Matteo Varrone, presidente della pro loco. Gli organizzatori stanno gi\u00e0 lavorando per riparare i danni, assicurando che gli ospiti non subiranno disagi, poich\u00e9 il PalAsparago \u00e8 rimasto intatto e le cene proseguiranno senza interruzioni.<\/p>\n<p>Nonostante alcune zone di Santena abbiano subito forti precipitazioni e danni, altre sono rimaste indenni. La temperatura mite ha facilitato il disgelo del ghiaccio e il deflusso dell&#8217;acqua, garantendo un ritorno alla normalit\u00e0 nelle aree colpite.<\/p>\n","protected":false},"excerpt":{"rendered":"","protected":false},"author":11,"featured_media":60663,"comment_status":"open","ping_status":"closed","sticky":false,"template":"","format":"standard","meta":[],"categories":[34],"tags":[],"news-destination":[],"news-source":[],"is_homepage":[581],"ta_other":[],"_links":{"self":[{"href":"https:\/\/www.ilmercoledi.news\/ilmercoledi\/news\/wp-json\/wp\/v2\/posts\/60664"}],"collection":[{"href":"https:\/\/www.ilmercoledi.news\/ilmercoledi\/news\/wp-json\/wp\/v2\/posts"}],"about":[{"href":"https:\/\/www.ilmercoledi.news\/ilmercoledi\/news\/wp-json\/wp\/v2\/types\/post"}],"author":[{"embeddable":true,"href":"https:\/\/www.ilmercoledi.news\/ilmercoledi\/news\/wp-json\/wp\/v2\/users\/11"}],"replies":[{"embeddable":true,"href":"https:\/\/www.ilmercoledi.news\/ilmercoledi\/news\/wp-json\/wp\/v2\/comments?post=60664"}],"version-history":[{"count":1,"href":"https:\/\/www.ilmercoledi.news\/ilmercoledi\/news\/wp-json\/wp\/v2\/posts\/60664\/revisions"}],"predecessor-version":[{"id":63461,"href":"https:\/\/www.ilmercoledi.news\/ilmercoledi\/news\/wp-json\/wp\/v2\/posts\/60664\/revisions\/63461"}],"wp:featuredmedia":[{"embeddable":true,"href":"https:\/\/www.ilmercoledi.news\/ilmercoledi\/news\/wp-json\/wp\/v2\/media\/60663"}],"wp:attachment":[{"href":"https:\/\/www.ilmercoledi.news\/ilmercoledi\/news\/wp-json\/wp\/v2\/media?parent=60664"}],"wp:term":[{"taxonomy":"category","embeddable":true,"href":"https:\/\/www.ilmercoledi.news\/ilmercoledi\/news\/wp-json\/wp\/v2\/categories?post=60664"},{"taxonomy":"post_tag","embeddable":true,"href":"https:\/\/www.ilmercoledi.news\/ilmercoledi\/news\/wp-json\/wp\/v2\/tags?post=60664"},{"taxonomy":"news-destination","embeddable":true,"href":"https:\/\/www.ilmercoledi.news\/ilmercoledi\/news\/wp-json\/wp\/v2\/news-destination?post=60664"},{"taxonomy":"news-source","embeddable":true,"href":"https:\/\/www.ilmercoledi.news\/ilmercoledi\/news\/wp-json\/wp\/v2\/news-source?post=60664"},{"taxonomy":"is_homepage","embeddable":true,"href":"https:\/\/www.ilmercoledi.news\/ilmercoledi\/news\/wp-json\/wp\/v2\/is_homepage?post=60664"},{"taxonomy":"ta_other","embeddable":true,"href":"https:\/\/www.ilmercoledi.news\/ilmercoledi\/news\/wp-json\/wp\/v2\/ta_other?post=60664"}],"curies":[{"name":"wp","href":"https:\/\/api.w.org\/{rel}","templated":true}]}}