{"id":60776,"date":"2024-05-29T14:47:59","date_gmt":"2024-05-29T12:47:59","guid":{"rendered":"https:\/\/euwps05.newsmemory.com\/ilmercoledi\/news\/?p=60776"},"modified":"2024-08-29T03:40:53","modified_gmt":"2023-11-03T03:40:53","slug":"cambiano-aperta-la-campagna-abbonamenti-per-il-serenissimo","status":"publish","type":"post","link":"https:\/\/www.ilmercoledi.news\/2024\/05\/29\/cambiano-aperta-la-campagna-abbonamenti-per-il-serenissimo\/","title":{"rendered":"CAMBIANO &#8211; Aperta la campagna abbonamenti per il Serenissimo"},"content":{"rendered":"<p>Di mezzo c\u2019\u00e8 l\u2019estate ma \u00e8 proprio quella che permetter\u00e0 agli spettatori del teatro Serenissimo di Cambiano di conoscere il nuovo cartellone, quello relativo alla stagione 2024-25, e magari accaparrarsi gi\u00e0 dei biglietti o addirittura l\u2019abbonamento a tutta la serie di rappresentazioni in programma sul palcoscenico di via San Francesco d\u2019Assisi. A partire da questa settimana infatti, per tutti i sabati di giugno e luglio la biglietteria del teatro aprir\u00e0 i battenti dalle 10 alle 12.30, dando la possibilit\u00e0 di ritirare il programma e abbonarsi al nuovo cartellone. Per gli interessati \u00e8 gi\u00e0 disponibile l\u2019abbonamento a tutti e 8 gli spettacoli con posto fisso assegnato ai seguenti costi: 136 euro (platea); 96 (galleria). Info: 392.64.05.385.<\/p>\n","protected":false},"excerpt":{"rendered":"","protected":false},"author":11,"featured_media":46027,"comment_status":"open","ping_status":"closed","sticky":false,"template":"","format":"standard","meta":[],"categories":[34],"tags":[],"news-destination":[],"news-source":[],"is_homepage":[581],"ta_other":[],"_links":{"self":[{"href":"https:\/\/www.ilmercoledi.news\/ilmercoledi\/news\/wp-json\/wp\/v2\/posts\/60776"}],"collection":[{"href":"https:\/\/www.ilmercoledi.news\/ilmercoledi\/news\/wp-json\/wp\/v2\/posts"}],"about":[{"href":"https:\/\/www.ilmercoledi.news\/ilmercoledi\/news\/wp-json\/wp\/v2\/types\/post"}],"author":[{"embeddable":true,"href":"https:\/\/www.ilmercoledi.news\/ilmercoledi\/news\/wp-json\/wp\/v2\/users\/11"}],"replies":[{"embeddable":true,"href":"https:\/\/www.ilmercoledi.news\/ilmercoledi\/news\/wp-json\/wp\/v2\/comments?post=60776"}],"version-history":[{"count":1,"href":"https:\/\/www.ilmercoledi.news\/ilmercoledi\/news\/wp-json\/wp\/v2\/posts\/60776\/revisions"}],"predecessor-version":[{"id":60778,"href":"https:\/\/www.ilmercoledi.news\/ilmercoledi\/news\/wp-json\/wp\/v2\/posts\/60776\/revisions\/60778"}],"wp:featuredmedia":[{"embeddable":true,"href":"https:\/\/www.ilmercoledi.news\/ilmercoledi\/news\/wp-json\/wp\/v2\/media\/46027"}],"wp:attachment":[{"href":"https:\/\/www.ilmercoledi.news\/ilmercoledi\/news\/wp-json\/wp\/v2\/media?parent=60776"}],"wp:term":[{"taxonomy":"category","embeddable":true,"href":"https:\/\/www.ilmercoledi.news\/ilmercoledi\/news\/wp-json\/wp\/v2\/categories?post=60776"},{"taxonomy":"post_tag","embeddable":true,"href":"https:\/\/www.ilmercoledi.news\/ilmercoledi\/news\/wp-json\/wp\/v2\/tags?post=60776"},{"taxonomy":"news-destination","embeddable":true,"href":"https:\/\/www.ilmercoledi.news\/ilmercoledi\/news\/wp-json\/wp\/v2\/news-destination?post=60776"},{"taxonomy":"news-source","embeddable":true,"href":"https:\/\/www.ilmercoledi.news\/ilmercoledi\/news\/wp-json\/wp\/v2\/news-source?post=60776"},{"taxonomy":"is_homepage","embeddable":true,"href":"https:\/\/www.ilmercoledi.news\/ilmercoledi\/news\/wp-json\/wp\/v2\/is_homepage?post=60776"},{"taxonomy":"ta_other","embeddable":true,"href":"https:\/\/www.ilmercoledi.news\/ilmercoledi\/news\/wp-json\/wp\/v2\/ta_other?post=60776"}],"curies":[{"name":"wp","href":"https:\/\/api.w.org\/{rel}","templated":true}]}}