{"id":60881,"date":"2024-06-04T07:10:04","date_gmt":"2024-06-04T05:10:04","guid":{"rendered":"https:\/\/euwps06.newsmemory.com\/ilmercoledi\/news\/?p=60881"},"modified":"2024-08-29T03:40:53","modified_gmt":"2023-11-03T03:40:53","slug":"nichelino-ci-si-potra-sposare-alla-palazzina-di-caccia-ma-la-spesa-non-e-per-tutti","status":"publish","type":"post","link":"https:\/\/www.ilmercoledi.news\/2024\/06\/04\/nichelino-ci-si-potra-sposare-alla-palazzina-di-caccia-ma-la-spesa-non-e-per-tutti\/","title":{"rendered":"NICHELINO &#8211; Ci si potr\u00e0 sposare alla Palazzina di Caccia: ma la spesa non \u00e8 per tutti"},"content":{"rendered":"<p>E&#8217; stata concordata tra il Comune di Nichelino e la Fondazione Ordine Mauriziano la stipula di una convenzione per la celebrazione dei matrimoni e delle unioni civili presso la \u201cPalazzina di Caccia\u201d di Stupinigi per il periodo 2024 \u2013 2029. Si potr\u00e0 quindi usufruire di alcuni spazi per pronunciare il fatidico &#8216;S\u00ec&#8217; con valore legale. I prezzi per\u00f2 non sono propriamente popolari. Per il rimborso delle spese da corrispondere alla Propriet\u00e0 e per gli oneri in capo alla Citt\u00e0 di Nichelino in termini di organizzazione e spese del personale servono\u00a01600 euro per i residenti (almeno uno dei due residenti in Nichelino) e 1850 euro per i non residenti in Nichelino.<\/p>\n","protected":false},"excerpt":{"rendered":"","protected":false},"author":11,"featured_media":46889,"comment_status":"open","ping_status":"closed","sticky":false,"template":"","format":"standard","meta":[],"categories":[34],"tags":[],"news-destination":[],"news-source":[],"is_homepage":[581],"ta_other":[],"_links":{"self":[{"href":"https:\/\/www.ilmercoledi.news\/ilmercoledi\/news\/wp-json\/wp\/v2\/posts\/60881"}],"collection":[{"href":"https:\/\/www.ilmercoledi.news\/ilmercoledi\/news\/wp-json\/wp\/v2\/posts"}],"about":[{"href":"https:\/\/www.ilmercoledi.news\/ilmercoledi\/news\/wp-json\/wp\/v2\/types\/post"}],"author":[{"embeddable":true,"href":"https:\/\/www.ilmercoledi.news\/ilmercoledi\/news\/wp-json\/wp\/v2\/users\/11"}],"replies":[{"embeddable":true,"href":"https:\/\/www.ilmercoledi.news\/ilmercoledi\/news\/wp-json\/wp\/v2\/comments?post=60881"}],"version-history":[{"count":1,"href":"https:\/\/www.ilmercoledi.news\/ilmercoledi\/news\/wp-json\/wp\/v2\/posts\/60881\/revisions"}],"predecessor-version":[{"id":63419,"href":"https:\/\/www.ilmercoledi.news\/ilmercoledi\/news\/wp-json\/wp\/v2\/posts\/60881\/revisions\/63419"}],"wp:featuredmedia":[{"embeddable":true,"href":"https:\/\/www.ilmercoledi.news\/ilmercoledi\/news\/wp-json\/wp\/v2\/media\/46889"}],"wp:attachment":[{"href":"https:\/\/www.ilmercoledi.news\/ilmercoledi\/news\/wp-json\/wp\/v2\/media?parent=60881"}],"wp:term":[{"taxonomy":"category","embeddable":true,"href":"https:\/\/www.ilmercoledi.news\/ilmercoledi\/news\/wp-json\/wp\/v2\/categories?post=60881"},{"taxonomy":"post_tag","embeddable":true,"href":"https:\/\/www.ilmercoledi.news\/ilmercoledi\/news\/wp-json\/wp\/v2\/tags?post=60881"},{"taxonomy":"news-destination","embeddable":true,"href":"https:\/\/www.ilmercoledi.news\/ilmercoledi\/news\/wp-json\/wp\/v2\/news-destination?post=60881"},{"taxonomy":"news-source","embeddable":true,"href":"https:\/\/www.ilmercoledi.news\/ilmercoledi\/news\/wp-json\/wp\/v2\/news-source?post=60881"},{"taxonomy":"is_homepage","embeddable":true,"href":"https:\/\/www.ilmercoledi.news\/ilmercoledi\/news\/wp-json\/wp\/v2\/is_homepage?post=60881"},{"taxonomy":"ta_other","embeddable":true,"href":"https:\/\/www.ilmercoledi.news\/ilmercoledi\/news\/wp-json\/wp\/v2\/ta_other?post=60881"}],"curies":[{"name":"wp","href":"https:\/\/api.w.org\/{rel}","templated":true}]}}