{"id":60930,"date":"2024-06-06T07:09:55","date_gmt":"2024-06-06T05:09:55","guid":{"rendered":"https:\/\/euwps06.newsmemory.com\/ilmercoledi\/news\/?p=60930"},"modified":"2024-08-29T03:40:50","modified_gmt":"2023-11-03T03:40:50","slug":"moncalieri-giovedi-13-giugno-il-cacao-riapre-nellex-chez-nous","status":"publish","type":"post","link":"https:\/\/www.ilmercoledi.news\/2024\/06\/06\/moncalieri-giovedi-13-giugno-il-cacao-riapre-nellex-chez-nous\/","title":{"rendered":"MONCALIERI &#8211; Gioved\u00ec 13 giugno il Cacao riapre nell&#8217;ex Chez Nous"},"content":{"rendered":"<p>Il nuovo Cacao a Moncalieri, nell&#8217;area dell&#8217;ex discoteca Chez Nous molto popolare negli anni &#8217;90 e 2000, \u00e8 pronto a partire dopo sette anni di attesa, il progetto di riapertura del Cacao \u00e8 completo, e si spera che il bel tempo accompagni l&#8217;evento. Gioved\u00ec 13 giugno la serata di apertura che promette di riportare in vita la scena notturna estiva, offrendo ai giovani e non solo un&#8217;occasione per divertirsi e creare nuovi ricordi in un&#8217;ambientazione che gi\u00e0 detiene un posto speciale nel cuore di molti. La serata di gioved\u00ec (Reunion 10&#215;10) inizia alle 21.<\/p>\n","protected":false},"excerpt":{"rendered":"","protected":false},"author":11,"featured_media":60928,"comment_status":"open","ping_status":"closed","sticky":false,"template":"","format":"standard","meta":[],"categories":[34],"tags":[],"news-destination":[],"news-source":[],"is_homepage":[581],"ta_other":[],"_links":{"self":[{"href":"https:\/\/www.ilmercoledi.news\/ilmercoledi\/news\/wp-json\/wp\/v2\/posts\/60930"}],"collection":[{"href":"https:\/\/www.ilmercoledi.news\/ilmercoledi\/news\/wp-json\/wp\/v2\/posts"}],"about":[{"href":"https:\/\/www.ilmercoledi.news\/ilmercoledi\/news\/wp-json\/wp\/v2\/types\/post"}],"author":[{"embeddable":true,"href":"https:\/\/www.ilmercoledi.news\/ilmercoledi\/news\/wp-json\/wp\/v2\/users\/11"}],"replies":[{"embeddable":true,"href":"https:\/\/www.ilmercoledi.news\/ilmercoledi\/news\/wp-json\/wp\/v2\/comments?post=60930"}],"version-history":[{"count":1,"href":"https:\/\/www.ilmercoledi.news\/ilmercoledi\/news\/wp-json\/wp\/v2\/posts\/60930\/revisions"}],"predecessor-version":[{"id":60933,"href":"https:\/\/www.ilmercoledi.news\/ilmercoledi\/news\/wp-json\/wp\/v2\/posts\/60930\/revisions\/60933"}],"wp:featuredmedia":[{"embeddable":true,"href":"https:\/\/www.ilmercoledi.news\/ilmercoledi\/news\/wp-json\/wp\/v2\/media\/60928"}],"wp:attachment":[{"href":"https:\/\/www.ilmercoledi.news\/ilmercoledi\/news\/wp-json\/wp\/v2\/media?parent=60930"}],"wp:term":[{"taxonomy":"category","embeddable":true,"href":"https:\/\/www.ilmercoledi.news\/ilmercoledi\/news\/wp-json\/wp\/v2\/categories?post=60930"},{"taxonomy":"post_tag","embeddable":true,"href":"https:\/\/www.ilmercoledi.news\/ilmercoledi\/news\/wp-json\/wp\/v2\/tags?post=60930"},{"taxonomy":"news-destination","embeddable":true,"href":"https:\/\/www.ilmercoledi.news\/ilmercoledi\/news\/wp-json\/wp\/v2\/news-destination?post=60930"},{"taxonomy":"news-source","embeddable":true,"href":"https:\/\/www.ilmercoledi.news\/ilmercoledi\/news\/wp-json\/wp\/v2\/news-source?post=60930"},{"taxonomy":"is_homepage","embeddable":true,"href":"https:\/\/www.ilmercoledi.news\/ilmercoledi\/news\/wp-json\/wp\/v2\/is_homepage?post=60930"},{"taxonomy":"ta_other","embeddable":true,"href":"https:\/\/www.ilmercoledi.news\/ilmercoledi\/news\/wp-json\/wp\/v2\/ta_other?post=60930"}],"curies":[{"name":"wp","href":"https:\/\/api.w.org\/{rel}","templated":true}]}}