{"id":61002,"date":"2024-06-10T18:42:23","date_gmt":"2024-06-10T16:42:23","guid":{"rendered":"https:\/\/euwps06.newsmemory.com\/ilmercoledi\/news\/?p=61002"},"modified":"2024-08-29T03:40:50","modified_gmt":"2023-11-03T03:40:50","slug":"nordkapp-vespa-beppe-saracco-e-svezia","status":"publish","type":"post","link":"https:\/\/www.ilmercoledi.news\/2024\/06\/10\/nordkapp-vespa-beppe-saracco-e-svezia\/","title":{"rendered":"NordKapp in Vespa Beppe Saracco \u00e8 in Svezia"},"content":{"rendered":"<p>E\u2019 stato un weekend intenso per Beppe Saracco impegnato nella NordKapp Raid. In sella alla sua fedelissima e storica Vespa Rally, color giallo, insieme agli altri 45 partecipanti, ha percorso luoghi fantastici della Svezia meridionale, costeggiando il Golfo di Botnia, la lunga striscia di mare che la separa dalla Finlandia. \u201cE\u2019 bellissimo, ma \u00e8 un percorso molto faticoso \u2013 ammette Beppe Saracco \u2013 Stiamo viaggiando con temperature rigide e sovente sotto la pioggia. E\u2019 davvero un\u2019avventura massacrante. Saluto tutti gli amici che so che mi stanno seguendo\u201d.<\/p>\n<p><img alt=\"NordKapp in Vespa Beppe Saracco \u00e8 in Svezia\" title=\"NordKapp in Vespa Beppe Saracco \u00e8 in Svezia\" loading=\"lazy\" class=\"size-medium wp-image-67975 aligncenter\" src=\"https:\/\/www.ilmercoledi.news\/ilmercoledi\/news\/wp-content\/uploads\/sites\/3\/2024\/06\/saracco-svezia-300x200.jpg\" alt=\"\" width=\"300\" height=\"200\" \/><\/p>\n<p>Oggi, luned\u00ec 10 giugno, Beppe Saracco arriva pressi di Rovaniemi, dove \u00e8 posto il ceckpoint. Da domani marted\u00ec 11 giugno i partecipanti si addentreranno all\u2019interno della penisola scand\u00ec 10 giugno, \u00a0Saracco e il gruppo dei vespisti<\/p>\n<p>&nbsp;<\/p>\n","protected":false},"excerpt":{"rendered":"","protected":false},"author":6,"featured_media":61001,"comment_status":"open","ping_status":"closed","sticky":false,"template":"","format":"standard","meta":[],"categories":[395],"tags":[693,694],"news-destination":[],"news-source":[],"is_homepage":[581],"ta_other":[],"_links":{"self":[{"href":"https:\/\/www.ilmercoledi.news\/ilmercoledi\/news\/wp-json\/wp\/v2\/posts\/61002"}],"collection":[{"href":"https:\/\/www.ilmercoledi.news\/ilmercoledi\/news\/wp-json\/wp\/v2\/posts"}],"about":[{"href":"https:\/\/www.ilmercoledi.news\/ilmercoledi\/news\/wp-json\/wp\/v2\/types\/post"}],"author":[{"embeddable":true,"href":"https:\/\/www.ilmercoledi.news\/ilmercoledi\/news\/wp-json\/wp\/v2\/users\/6"}],"replies":[{"embeddable":true,"href":"https:\/\/www.ilmercoledi.news\/ilmercoledi\/news\/wp-json\/wp\/v2\/comments?post=61002"}],"version-history":[{"count":1,"href":"https:\/\/www.ilmercoledi.news\/ilmercoledi\/news\/wp-json\/wp\/v2\/posts\/61002\/revisions"}],"predecessor-version":[{"id":61027,"href":"https:\/\/www.ilmercoledi.news\/ilmercoledi\/news\/wp-json\/wp\/v2\/posts\/61002\/revisions\/61027"}],"wp:featuredmedia":[{"embeddable":true,"href":"https:\/\/www.ilmercoledi.news\/ilmercoledi\/news\/wp-json\/wp\/v2\/media\/61001"}],"wp:attachment":[{"href":"https:\/\/www.ilmercoledi.news\/ilmercoledi\/news\/wp-json\/wp\/v2\/media?parent=61002"}],"wp:term":[{"taxonomy":"category","embeddable":true,"href":"https:\/\/www.ilmercoledi.news\/ilmercoledi\/news\/wp-json\/wp\/v2\/categories?post=61002"},{"taxonomy":"post_tag","embeddable":true,"href":"https:\/\/www.ilmercoledi.news\/ilmercoledi\/news\/wp-json\/wp\/v2\/tags?post=61002"},{"taxonomy":"news-destination","embeddable":true,"href":"https:\/\/www.ilmercoledi.news\/ilmercoledi\/news\/wp-json\/wp\/v2\/news-destination?post=61002"},{"taxonomy":"news-source","embeddable":true,"href":"https:\/\/www.ilmercoledi.news\/ilmercoledi\/news\/wp-json\/wp\/v2\/news-source?post=61002"},{"taxonomy":"is_homepage","embeddable":true,"href":"https:\/\/www.ilmercoledi.news\/ilmercoledi\/news\/wp-json\/wp\/v2\/is_homepage?post=61002"},{"taxonomy":"ta_other","embeddable":true,"href":"https:\/\/www.ilmercoledi.news\/ilmercoledi\/news\/wp-json\/wp\/v2\/ta_other?post=61002"}],"curies":[{"name":"wp","href":"https:\/\/api.w.org\/{rel}","templated":true}]}}