{"id":61014,"date":"2024-06-11T14:57:27","date_gmt":"2024-06-11T12:57:27","guid":{"rendered":"https:\/\/euwps05.newsmemory.com\/ilmercoledi\/news\/?p=61014"},"modified":"2024-08-29T03:40:50","modified_gmt":"2023-11-03T03:40:50","slug":"carmagnola-pedalata-ecologica-attesa-del-tour-de-france","status":"publish","type":"post","link":"https:\/\/www.ilmercoledi.news\/2024\/06\/11\/carmagnola-pedalata-ecologica-attesa-del-tour-de-france\/","title":{"rendered":"CARMAGNOLA &#8211; Pedalata ecologica in attesa del Tour de France"},"content":{"rendered":"<p>Domenica 23 giugno, a Carmagnola si terr\u00e0 la pedalata ecologica &#8220;Aspettando il Tour de France&#8221; Un percorso di 18 km, che includer\u00e0 anche alcuni tratti sterrati e che si snoder\u00e0 in parte lungo il tracciato che verr\u00e0 affrontato dai ciclisti del Tour de France il 1\u00b0 luglio<\/p>\n<p>IL PROGRAMMA E&#8217; IL SEGUENTE:<\/p>\n<p>ore 8.30 ritrovo in piazza S. Agostino<\/p>\n<p>ore 9.00 partenza<\/p>\n<p>ore 10.15 sosta per colazione<\/p>\n<p>ore 10.50 ripresa della pedalata<\/p>\n<p>ore 12.15 arrivo al Parco Cascina Vigna<\/p>\n<p>Al termine della Pedalata, l\u2019organizzazione fornir\u00e0 acqua e vino ai partecipanti, lasciando a disposizione tavoli e sedie per coloro che si saranno autonomamente organizzati per un pranzo in stile pic-nic.<\/p>\n<p>Non sar\u00e0 consentita la presenza di bici con rotelle.<\/p>\n<p>L&#8217;evento \u00e8 organizzato dall&#8217;Ufficio Sport del Comune di Carmagnola e la Proloco Carmagnola APS &#8211; in collaborazione con le associazioni ciclistiche locali A.S.D. Pedale Carmagnolese, A.S.D. Team SF Groppo e con la sezione cittadina della Federazione Italiana Ambiente e Bicicletta<\/p>\n<p>&nbsp;<\/p>\n<p>&nbsp;<\/p>\n","protected":false},"excerpt":{"rendered":"","protected":false},"author":11,"featured_media":11346,"comment_status":"open","ping_status":"closed","sticky":false,"template":"","format":"standard","meta":[],"categories":[34],"tags":[],"news-destination":[],"news-source":[],"is_homepage":[581],"ta_other":[],"_links":{"self":[{"href":"https:\/\/www.ilmercoledi.news\/ilmercoledi\/news\/wp-json\/wp\/v2\/posts\/61014"}],"collection":[{"href":"https:\/\/www.ilmercoledi.news\/ilmercoledi\/news\/wp-json\/wp\/v2\/posts"}],"about":[{"href":"https:\/\/www.ilmercoledi.news\/ilmercoledi\/news\/wp-json\/wp\/v2\/types\/post"}],"author":[{"embeddable":true,"href":"https:\/\/www.ilmercoledi.news\/ilmercoledi\/news\/wp-json\/wp\/v2\/users\/11"}],"replies":[{"embeddable":true,"href":"https:\/\/www.ilmercoledi.news\/ilmercoledi\/news\/wp-json\/wp\/v2\/comments?post=61014"}],"version-history":[{"count":1,"href":"https:\/\/www.ilmercoledi.news\/ilmercoledi\/news\/wp-json\/wp\/v2\/posts\/61014\/revisions"}],"predecessor-version":[{"id":61015,"href":"https:\/\/www.ilmercoledi.news\/ilmercoledi\/news\/wp-json\/wp\/v2\/posts\/61014\/revisions\/61015"}],"wp:featuredmedia":[{"embeddable":true,"href":"https:\/\/www.ilmercoledi.news\/ilmercoledi\/news\/wp-json\/wp\/v2\/media\/11346"}],"wp:attachment":[{"href":"https:\/\/www.ilmercoledi.news\/ilmercoledi\/news\/wp-json\/wp\/v2\/media?parent=61014"}],"wp:term":[{"taxonomy":"category","embeddable":true,"href":"https:\/\/www.ilmercoledi.news\/ilmercoledi\/news\/wp-json\/wp\/v2\/categories?post=61014"},{"taxonomy":"post_tag","embeddable":true,"href":"https:\/\/www.ilmercoledi.news\/ilmercoledi\/news\/wp-json\/wp\/v2\/tags?post=61014"},{"taxonomy":"news-destination","embeddable":true,"href":"https:\/\/www.ilmercoledi.news\/ilmercoledi\/news\/wp-json\/wp\/v2\/news-destination?post=61014"},{"taxonomy":"news-source","embeddable":true,"href":"https:\/\/www.ilmercoledi.news\/ilmercoledi\/news\/wp-json\/wp\/v2\/news-source?post=61014"},{"taxonomy":"is_homepage","embeddable":true,"href":"https:\/\/www.ilmercoledi.news\/ilmercoledi\/news\/wp-json\/wp\/v2\/is_homepage?post=61014"},{"taxonomy":"ta_other","embeddable":true,"href":"https:\/\/www.ilmercoledi.news\/ilmercoledi\/news\/wp-json\/wp\/v2\/ta_other?post=61014"}],"curies":[{"name":"wp","href":"https:\/\/api.w.org\/{rel}","templated":true}]}}