{"id":61093,"date":"2024-06-14T06:24:19","date_gmt":"2024-06-14T04:24:19","guid":{"rendered":"https:\/\/euwps06.newsmemory.com\/ilmercoledi\/news\/?p=61093"},"modified":"2024-08-29T03:40:49","modified_gmt":"2023-11-03T03:40:49","slug":"carmagnola-torna-allelios-cinema-revolution","status":"publish","type":"post","link":"https:\/\/www.ilmercoledi.news\/2024\/06\/14\/carmagnola-torna-allelios-cinema-revolution\/","title":{"rendered":"CARMAGNOLA &#8211; Torna all&#8217;Elios, &#8216;Cinema revolution&#8217;"},"content":{"rendered":"<p>Torna all\u2019Elios \u201cCinema revolution\u201d, con il biglietto di film italiani e europei a 3,5 euro per tre mesi. Dal 9 giugno al 19 settembre si va a vedere film italiani ed europei a soli 3 euro e 50. Merito anche quest\u2019estate dell\u2019iniziativa \u201cCinema revolution &#8211; Che Spettacolo l\u2019estate\u201d, promossa dal ministero della Cultura, con prezzo calmierato (il resto li metter\u00e0 il MiC, perch\u00e9 il cinema \u00e8 cultura, lavoro e magia). Come lo scorso anno l\u2019iniziativa riguarda anche le arene estive. L\u2019Elios, per il cinema estivo, come da tradizione, si trasferisce nel cortile dell\u2019ex Mendicit\u00e0 istruita opera Pia Cavalli, in via Lomellini. Il 15 (ore 21) e 16 giugno (ore 17,30 e 21) sar\u00e0 proiettato \u201cIl caso Godman\u201d cronaca del processo a un rivoluzionario di sinistra francese condannato per diverse rapine e misteriosamente assassinato.<\/p>\n","protected":false},"excerpt":{"rendered":"","protected":false},"author":11,"featured_media":17087,"comment_status":"open","ping_status":"closed","sticky":false,"template":"","format":"standard","meta":[],"categories":[34],"tags":[],"news-destination":[],"news-source":[],"is_homepage":[581],"ta_other":[],"_links":{"self":[{"href":"https:\/\/www.ilmercoledi.news\/ilmercoledi\/news\/wp-json\/wp\/v2\/posts\/61093"}],"collection":[{"href":"https:\/\/www.ilmercoledi.news\/ilmercoledi\/news\/wp-json\/wp\/v2\/posts"}],"about":[{"href":"https:\/\/www.ilmercoledi.news\/ilmercoledi\/news\/wp-json\/wp\/v2\/types\/post"}],"author":[{"embeddable":true,"href":"https:\/\/www.ilmercoledi.news\/ilmercoledi\/news\/wp-json\/wp\/v2\/users\/11"}],"replies":[{"embeddable":true,"href":"https:\/\/www.ilmercoledi.news\/ilmercoledi\/news\/wp-json\/wp\/v2\/comments?post=61093"}],"version-history":[{"count":1,"href":"https:\/\/www.ilmercoledi.news\/ilmercoledi\/news\/wp-json\/wp\/v2\/posts\/61093\/revisions"}],"predecessor-version":[{"id":63292,"href":"https:\/\/www.ilmercoledi.news\/ilmercoledi\/news\/wp-json\/wp\/v2\/posts\/61093\/revisions\/63292"}],"wp:featuredmedia":[{"embeddable":true,"href":"https:\/\/www.ilmercoledi.news\/ilmercoledi\/news\/wp-json\/wp\/v2\/media\/17087"}],"wp:attachment":[{"href":"https:\/\/www.ilmercoledi.news\/ilmercoledi\/news\/wp-json\/wp\/v2\/media?parent=61093"}],"wp:term":[{"taxonomy":"category","embeddable":true,"href":"https:\/\/www.ilmercoledi.news\/ilmercoledi\/news\/wp-json\/wp\/v2\/categories?post=61093"},{"taxonomy":"post_tag","embeddable":true,"href":"https:\/\/www.ilmercoledi.news\/ilmercoledi\/news\/wp-json\/wp\/v2\/tags?post=61093"},{"taxonomy":"news-destination","embeddable":true,"href":"https:\/\/www.ilmercoledi.news\/ilmercoledi\/news\/wp-json\/wp\/v2\/news-destination?post=61093"},{"taxonomy":"news-source","embeddable":true,"href":"https:\/\/www.ilmercoledi.news\/ilmercoledi\/news\/wp-json\/wp\/v2\/news-source?post=61093"},{"taxonomy":"is_homepage","embeddable":true,"href":"https:\/\/www.ilmercoledi.news\/ilmercoledi\/news\/wp-json\/wp\/v2\/is_homepage?post=61093"},{"taxonomy":"ta_other","embeddable":true,"href":"https:\/\/www.ilmercoledi.news\/ilmercoledi\/news\/wp-json\/wp\/v2\/ta_other?post=61093"}],"curies":[{"name":"wp","href":"https:\/\/api.w.org\/{rel}","templated":true}]}}