{"id":61096,"date":"2024-06-14T12:24:32","date_gmt":"2024-06-14T10:24:32","guid":{"rendered":"https:\/\/euwps06.newsmemory.com\/ilmercoledi\/news\/?p=61096"},"modified":"2024-08-29T03:40:49","modified_gmt":"2023-11-03T03:40:49","slug":"carmagnola-contest-letterario-adesso-scrivo-io-una-straordinaria-serata-occasione-delle-premiazioni","status":"publish","type":"post","link":"https:\/\/www.ilmercoledi.news\/2024\/06\/14\/carmagnola-contest-letterario-adesso-scrivo-io-una-straordinaria-serata-occasione-delle-premiazioni\/","title":{"rendered":"CARMAGNOLA &#8211; Contest letterario \u00abAdesso scrivo io\u00bb: una straordinaria serata in occasione delle premiazioni"},"content":{"rendered":"<p>foto: Circolo La Fonte<\/p>\n<p>Gioved\u00ec sera, nell\u2019ambito della serata del Festival letterario-pop \u201cLetti di Notte\u201d di Carmagnola, che ha visto la commovente partecipazione di Gino Cecchettin,  si sono svolte le premiazioni del contest letterario \u201cAdesso scrivo io\u201d, che ha coinvolto studenti e studentesse dell\u2019Istituto scolastico superiore cittadino \u201cBaldessano-Roccati\u201d. Il tema del concorso, quest\u2019anno era la musica e sono stati oltre sessanta gli allievi partecipanti alla terza edizione, organizzata come sempre dal Gruppo di Lettura Carmagnola, in collaborazione con i docenti della scuola e con la biblioteca civica. Sul podio, con il racconto \u201cRondini\u201d  Giulia Scognamiglio che si \u00e8 aggiudicata il primo premio. Al secondo posto \u201cIo, me stesso e la musica\u201d, di Tommaso Panero; terza Marta Giaccone con \u201cLe vibrazioni del cuore\u201d. La Giuria -composta dai promotori e da una decina di giornalisti, ha quindi selezionato venti racconti, che sono stati pubblicati in un libro edito da Buendia Books, presentato in anteprima proprio durante la serata. \u00abAttraverso le parole dei ragazzi abbiamo imparato che un pianoforte pu\u00f2 dare voce a chi non ne ha, che basta un vinile per viaggiare nel tempo, che un paio di cuffie condivise sa raddrizzare una giornata storta, che la musica \u00e8 capace di curare, di cancellare i confini e gli imbarazzi, di regalare sensazioni forti e senza filtri, di dare una scossa, una spinta ai sogni, una ragione per continuare a sperare, a respirare, a impegnarsi in ci\u00f2 che fa star bene\u201d Il contest si \u00e8 svolto grazie all\u2019indispensabile sostegno, all\u2019interno della scuola superiore cittadina, di alcuni docenti, a partire da \u201cGiulia Andruetto, Davide Audrito, Erica Bosco, Domenica Cavagli\u00e0, Ilaria Crivello, Antonio Lorenzo Falbo, Luca Finazzi, Cristina Gallina, Roberto Merani, Enrico Olivero, Claudia Vinassa\u201d Il progetto \u201cAdesso scrivo io\u201d ha visto il supporto della Regione Piemonte, del Centro per il libro e la lettura, del Comune di Carmagnola, della Banca Territori del Monviso (che ha premiato i tre racconti sul podio) e dell\u2019Ascom Confcommercio Carmagnola e avr\u00e0 una speciale serata dedicata a tutti e venti i ragazzi mercoled\u00ec 10 luglio alle ore 21:00 presso la Rsa Villa Serena in Via Valobra 197. Tutto gi\u00e0 pronto per l\u2019edizione 2025 che vedr\u00e0 coinvolto l\u2019I.I.S \u201cNorberto Bobbio\u201d di Carignano. Titolo: \u201cIl piatto \u00e8 servito &#8211; condivisione e sentimenti a tavola\u201d.<\/p>\n","protected":false},"excerpt":{"rendered":"","protected":false},"author":10,"featured_media":61095,"comment_status":"open","ping_status":"closed","sticky":false,"template":"","format":"standard","meta":[],"categories":[34,9],"tags":[],"news-destination":[],"news-source":[],"is_homepage":[581],"ta_other":[],"_links":{"self":[{"href":"https:\/\/www.ilmercoledi.news\/ilmercoledi\/news\/wp-json\/wp\/v2\/posts\/61096"}],"collection":[{"href":"https:\/\/www.ilmercoledi.news\/ilmercoledi\/news\/wp-json\/wp\/v2\/posts"}],"about":[{"href":"https:\/\/www.ilmercoledi.news\/ilmercoledi\/news\/wp-json\/wp\/v2\/types\/post"}],"author":[{"embeddable":true,"href":"https:\/\/www.ilmercoledi.news\/ilmercoledi\/news\/wp-json\/wp\/v2\/users\/10"}],"replies":[{"embeddable":true,"href":"https:\/\/www.ilmercoledi.news\/ilmercoledi\/news\/wp-json\/wp\/v2\/comments?post=61096"}],"version-history":[{"count":1,"href":"https:\/\/www.ilmercoledi.news\/ilmercoledi\/news\/wp-json\/wp\/v2\/posts\/61096\/revisions"}],"predecessor-version":[{"id":63294,"href":"https:\/\/www.ilmercoledi.news\/ilmercoledi\/news\/wp-json\/wp\/v2\/posts\/61096\/revisions\/63294"}],"wp:featuredmedia":[{"embeddable":true,"href":"https:\/\/www.ilmercoledi.news\/ilmercoledi\/news\/wp-json\/wp\/v2\/media\/61095"}],"wp:attachment":[{"href":"https:\/\/www.ilmercoledi.news\/ilmercoledi\/news\/wp-json\/wp\/v2\/media?parent=61096"}],"wp:term":[{"taxonomy":"category","embeddable":true,"href":"https:\/\/www.ilmercoledi.news\/ilmercoledi\/news\/wp-json\/wp\/v2\/categories?post=61096"},{"taxonomy":"post_tag","embeddable":true,"href":"https:\/\/www.ilmercoledi.news\/ilmercoledi\/news\/wp-json\/wp\/v2\/tags?post=61096"},{"taxonomy":"news-destination","embeddable":true,"href":"https:\/\/www.ilmercoledi.news\/ilmercoledi\/news\/wp-json\/wp\/v2\/news-destination?post=61096"},{"taxonomy":"news-source","embeddable":true,"href":"https:\/\/www.ilmercoledi.news\/ilmercoledi\/news\/wp-json\/wp\/v2\/news-source?post=61096"},{"taxonomy":"is_homepage","embeddable":true,"href":"https:\/\/www.ilmercoledi.news\/ilmercoledi\/news\/wp-json\/wp\/v2\/is_homepage?post=61096"},{"taxonomy":"ta_other","embeddable":true,"href":"https:\/\/www.ilmercoledi.news\/ilmercoledi\/news\/wp-json\/wp\/v2\/ta_other?post=61096"}],"curies":[{"name":"wp","href":"https:\/\/api.w.org\/{rel}","templated":true}]}}