{"id":61634,"date":"2024-07-15T05:30:42","date_gmt":"2024-07-15T03:30:42","guid":{"rendered":"https:\/\/euwps05.newsmemory.com\/ilmercoledi\/news\/?p=61634"},"modified":"2024-08-29T03:40:42","modified_gmt":"2023-11-03T03:40:42","slug":"cambiano-strage-di-alberi-solo-durante-lultimo-temporale-ne-sono-caduti-trenta","status":"publish","type":"post","link":"https:\/\/www.ilmercoledi.news\/2024\/07\/15\/cambiano-strage-di-alberi-solo-durante-lultimo-temporale-ne-sono-caduti-trenta\/","title":{"rendered":"CAMBIANO &#8211; Strage di alberi: solo durante l&#8217;ultimo temporale ne sono caduti trenta"},"content":{"rendered":"<p>Alberi caduti anche a Cambiano durante i recenti e violenti fenomeni atmosferici, un problema che, esaminato letteralmente alla radice, preoccupa ben pi\u00f9 dell\u2019occasionale furia degli elementi. Intanto tra aree pubbliche e private in paese ne sono caduti una trentina, ma a mettere ansia sono dei fusti in particolare, ovvero le conifere presenti nel giardino pubblico situato tra le vie Caduti della Grande Guerra e Bevilacqua. Una di esse \u00e8 venuta gi\u00f9 durante il nubifragio della scorsa settimana, rivelando di essere una pianta sana ma dalle radici estremamente superficiali, motivo per cui potrebbe non aver retto alla violenza del vento. Un caso verrebbe da dire, ma purtroppo oggi non si pu\u00f2 pi\u00f9 pensarla cos\u00ec perch\u00e9 le tempeste stile monsonico sembrano ormai essere diventate parte integrante del nostro clima. Per tale motivo ora quegli alberi sono dei sorvegliati speciali, anche perch\u00e9 intorno a loro ci sono diverse villette i quali tetti sono, potenzialmente, a rischio. L\u2019albero collassato, alto circa una decina di metri, si \u00e8 adagiato sul prato, ma il prossimo potrebbe entrare in rotta di collisione con una delle costruzioni circostanti. In Comune insomma lo ritengono un rischio concreto, ma il problema \u00e8 come intervenire in modo ottimale.<\/p>\n","protected":false},"excerpt":{"rendered":"","protected":false},"author":10,"featured_media":61633,"comment_status":"open","ping_status":"closed","sticky":false,"template":"","format":"standard","meta":[],"categories":[34],"tags":[],"news-destination":[],"news-source":[],"is_homepage":[],"ta_other":[],"_links":{"self":[{"href":"https:\/\/www.ilmercoledi.news\/ilmercoledi\/news\/wp-json\/wp\/v2\/posts\/61634"}],"collection":[{"href":"https:\/\/www.ilmercoledi.news\/ilmercoledi\/news\/wp-json\/wp\/v2\/posts"}],"about":[{"href":"https:\/\/www.ilmercoledi.news\/ilmercoledi\/news\/wp-json\/wp\/v2\/types\/post"}],"author":[{"embeddable":true,"href":"https:\/\/www.ilmercoledi.news\/ilmercoledi\/news\/wp-json\/wp\/v2\/users\/10"}],"replies":[{"embeddable":true,"href":"https:\/\/www.ilmercoledi.news\/ilmercoledi\/news\/wp-json\/wp\/v2\/comments?post=61634"}],"version-history":[{"count":1,"href":"https:\/\/www.ilmercoledi.news\/ilmercoledi\/news\/wp-json\/wp\/v2\/posts\/61634\/revisions"}],"predecessor-version":[{"id":61652,"href":"https:\/\/www.ilmercoledi.news\/ilmercoledi\/news\/wp-json\/wp\/v2\/posts\/61634\/revisions\/61652"}],"wp:featuredmedia":[{"embeddable":true,"href":"https:\/\/www.ilmercoledi.news\/ilmercoledi\/news\/wp-json\/wp\/v2\/media\/61633"}],"wp:attachment":[{"href":"https:\/\/www.ilmercoledi.news\/ilmercoledi\/news\/wp-json\/wp\/v2\/media?parent=61634"}],"wp:term":[{"taxonomy":"category","embeddable":true,"href":"https:\/\/www.ilmercoledi.news\/ilmercoledi\/news\/wp-json\/wp\/v2\/categories?post=61634"},{"taxonomy":"post_tag","embeddable":true,"href":"https:\/\/www.ilmercoledi.news\/ilmercoledi\/news\/wp-json\/wp\/v2\/tags?post=61634"},{"taxonomy":"news-destination","embeddable":true,"href":"https:\/\/www.ilmercoledi.news\/ilmercoledi\/news\/wp-json\/wp\/v2\/news-destination?post=61634"},{"taxonomy":"news-source","embeddable":true,"href":"https:\/\/www.ilmercoledi.news\/ilmercoledi\/news\/wp-json\/wp\/v2\/news-source?post=61634"},{"taxonomy":"is_homepage","embeddable":true,"href":"https:\/\/www.ilmercoledi.news\/ilmercoledi\/news\/wp-json\/wp\/v2\/is_homepage?post=61634"},{"taxonomy":"ta_other","embeddable":true,"href":"https:\/\/www.ilmercoledi.news\/ilmercoledi\/news\/wp-json\/wp\/v2\/ta_other?post=61634"}],"curies":[{"name":"wp","href":"https:\/\/api.w.org\/{rel}","templated":true}]}}