{"id":61832,"date":"2024-07-19T17:54:24","date_gmt":"2024-07-19T15:54:24","guid":{"rendered":"https:\/\/euwps06.newsmemory.com\/ilmercoledi\/news\/?p=61832"},"modified":"2024-08-29T03:40:41","modified_gmt":"2023-11-03T03:40:41","slug":"al-grand-e-gross-brewing-company-presentata-lus-san-bernardo-2024-25","status":"publish","type":"post","link":"https:\/\/www.ilmercoledi.news\/2024\/07\/19\/al-grand-e-gross-brewing-company-presentata-lus-san-bernardo-2024-25\/","title":{"rendered":"Al Grand e Gross Brewing Company presentata l&#8217;Us San Bernardo 2024\/25"},"content":{"rendered":"<p>Grande festa ieri sera (gioved\u00ec) presso la Grand e Gross Brewing Company di Carmagnola per la presentazione dell&#8217;Us San Bernardo edizione 2024\/25 che prender\u00e0 parte alla prossima stagione di Prima Categoria. Presente tutto il direttivo capitanato dal presidente Renzo Agasso che, ricevuta la parola da Attilio Celeghini (responsabile comunicazione del sodalizio e ieri sera nei panni del presentatore), ha ricordato come <em>&#8220;al San Bernardo si viene per giocare non per soldi perch\u00e8 com&#8217;\u00e8 noto siamo arrivati a 60 anni di storia anche perch\u00e8 non abbiamo mai pagato nessuno. Volendo fare almeno altri 60 anni continuiamo su questa strada&#8221;<\/em>.<\/p>\n<p><em>&#8220;Il Centro Sportivo sta diventando un luogo piacevole da vivere\u00a0<\/em> &#8211; ha poi proseguito &#8211;<em>. Abbiamo anche modificato leggermente il direttivo nominando due vice presidenti che sono qui al mio fianco, Emiliano Ferrero e Antonio Parussa che sono anche gli sponsor<\/em> (Falegnameria Marvulli e Multitek Impianti, ndr) <em>che abbiamo voluto inserire per unire ancora di pi\u00f9 la realt\u00e0 degli sponsor e la realt\u00e0 della societ\u00e0. Abbiamo anche intensificato la collaborazione con il Csf Carmagnola che ci ha anche dato molti giocatori. Il nostro interfaccia \u00e8 quindi il Csf&#8221;<\/em>.<\/p>\n<p>Presentati poi il nuovo Mister, Antonio Rega (<em>&#8220;Mi ritengo fortunato al mio tredicesimo anno da allenatore essere in una societ\u00e0 strutturata e seria come questa&#8221;<\/em>); i suoi vice, Davide Baiardi e Stefano Italiano; il nuovo preparatore atletico,\u00a0Fabio Audisio; ed il nuovo preparatore dei portieri Riccardo Mina.<\/p>\n<p>Presente anche quasi tutta la rosa rimpolpata da ben dieci volti nuovi compreso uno dei due ultimi colpi in arrivo dal Csf Carmagnola di Eccellenza: Luca Contieri che, assenti Luca Burdese e Antonio Fidale, ha invece fatto la foto insieme alle altre new entry Luca Abbaticchio, Gift Obehanon, Luca Ponte, Davide Sema, Pietro Emanuel, Mballo Fode e Filippo Margaria.<\/p>\n<p>Nel corso della serata premiati con una targa ricordo anche Marco Masiello e Marco Quattrocchio ritiratisi dall&#8217;attivit\u00e0 al termine della passata stagione dopo una lunga militanza in biancorosso. Presentata, infine, anche la nuovissima linea di merchandising griffata Us San Bernardo 1963.<\/p>\n","protected":false},"excerpt":{"rendered":"","protected":false},"author":9,"featured_media":61831,"comment_status":"open","ping_status":"closed","sticky":false,"template":"","format":"standard","meta":[],"categories":[10],"tags":[],"news-destination":[],"news-source":[],"is_homepage":[581],"ta_other":[],"_links":{"self":[{"href":"https:\/\/www.ilmercoledi.news\/ilmercoledi\/news\/wp-json\/wp\/v2\/posts\/61832"}],"collection":[{"href":"https:\/\/www.ilmercoledi.news\/ilmercoledi\/news\/wp-json\/wp\/v2\/posts"}],"about":[{"href":"https:\/\/www.ilmercoledi.news\/ilmercoledi\/news\/wp-json\/wp\/v2\/types\/post"}],"author":[{"embeddable":true,"href":"https:\/\/www.ilmercoledi.news\/ilmercoledi\/news\/wp-json\/wp\/v2\/users\/9"}],"replies":[{"embeddable":true,"href":"https:\/\/www.ilmercoledi.news\/ilmercoledi\/news\/wp-json\/wp\/v2\/comments?post=61832"}],"version-history":[{"count":2,"href":"https:\/\/www.ilmercoledi.news\/ilmercoledi\/news\/wp-json\/wp\/v2\/posts\/61832\/revisions"}],"predecessor-version":[{"id":61914,"href":"https:\/\/www.ilmercoledi.news\/ilmercoledi\/news\/wp-json\/wp\/v2\/posts\/61832\/revisions\/61914"}],"wp:featuredmedia":[{"embeddable":true,"href":"https:\/\/www.ilmercoledi.news\/ilmercoledi\/news\/wp-json\/wp\/v2\/media\/61831"}],"wp:attachment":[{"href":"https:\/\/www.ilmercoledi.news\/ilmercoledi\/news\/wp-json\/wp\/v2\/media?parent=61832"}],"wp:term":[{"taxonomy":"category","embeddable":true,"href":"https:\/\/www.ilmercoledi.news\/ilmercoledi\/news\/wp-json\/wp\/v2\/categories?post=61832"},{"taxonomy":"post_tag","embeddable":true,"href":"https:\/\/www.ilmercoledi.news\/ilmercoledi\/news\/wp-json\/wp\/v2\/tags?post=61832"},{"taxonomy":"news-destination","embeddable":true,"href":"https:\/\/www.ilmercoledi.news\/ilmercoledi\/news\/wp-json\/wp\/v2\/news-destination?post=61832"},{"taxonomy":"news-source","embeddable":true,"href":"https:\/\/www.ilmercoledi.news\/ilmercoledi\/news\/wp-json\/wp\/v2\/news-source?post=61832"},{"taxonomy":"is_homepage","embeddable":true,"href":"https:\/\/www.ilmercoledi.news\/ilmercoledi\/news\/wp-json\/wp\/v2\/is_homepage?post=61832"},{"taxonomy":"ta_other","embeddable":true,"href":"https:\/\/www.ilmercoledi.news\/ilmercoledi\/news\/wp-json\/wp\/v2\/ta_other?post=61832"}],"curies":[{"name":"wp","href":"https:\/\/api.w.org\/{rel}","templated":true}]}}