{"id":62128,"date":"2024-07-31T05:00:37","date_gmt":"2024-07-31T03:00:37","guid":{"rendered":"https:\/\/euwps06.newsmemory.com\/ilmercoledi\/news\/?p=62128"},"modified":"2024-08-29T03:40:40","modified_gmt":"2023-11-03T03:40:40","slug":"motori-valli-oltrepo-bonfadini-riparte-da-zero","status":"publish","type":"post","link":"https:\/\/www.ilmercoledi.news\/2024\/07\/31\/motori-valli-oltrepo-bonfadini-riparte-da-zero\/","title":{"rendered":"MOTORI &#8211; Valli Oltrepo&#8217;: Bonfadini riparte da zero"},"content":{"rendered":"<p>Conciliare gli impegni di lavoro con quelli sportivi non \u00e8 mai una passeggiata di salute ed a farne le spese, per cos\u00ec dire, \u00e8 stato anche Manuel Bonfadini.<\/p>\n<p>Il pilota di Pozzonovo, dopo aver disertato la trasferta in Valtellina a causa di concomitanti scadenze professionali, si ritrova in testa alla Coppa Rally ACI Sport di terza zona, guardando alla fotografia della K10, a pari punti con Gini e con Fredelizio a meno cinque.<\/p>\n<p>Nell\u2019ambito del Michelin Trofeo Italia il portacolori di Bluthunder Racing Italy occupa il gradino pi\u00f9 basso del podio provvisorio nel terzo raggruppamento con un gap importante da De Nunzio.<\/p>\n<p>\u201cDove abbiamo corso quest\u2019anno abbiamo vinto\u201d\u00a0\u2013 racconta Bonfadini \u2013\u00a0\u201cma l\u2019aver saltato due dei quattro appuntamenti della CRZ ha consentito ai nostri avversari di rimanerci incollati. Purtroppo non \u00e8 mai facile far combaciare lavoro e passione ma siamo pronti a tornare in gara per cercare di portare a casa punti importanti. La stagione \u00e8 ancora lunga, ci sono tante gare.\u201d<\/p>\n<p>Quando al termine della CRZ di terza zona mancano tre appuntamenti, compreso quello in programma per il fine settimana, ecco come l\u2019imminente Rally Valli Oltrep\u00f2 potr\u00e0 gi\u00e0 dare un importante scossone alla classifica provvisoria, in attesa dell\u2019arrivo delle tappe finali a coefficiente maggiorato ovvero il 1000 Miglia, a 1,75, ed il Trofeo Villa d\u2019Este ACI Como, a 2.<\/p>\n<p>\u201cIl Valli Oltrep\u00f2 sar\u00e0 l\u2019ultima gara a punteggio normale\u201d\u00a0\u2013 aggiunge Bonfadini \u2013\u00a0\u201cper poi passare all\u2019aumento dei coefficienti della mia gara di casa, il 1000 Miglia, e del Como. Sicuramente saremo presenti ad entrambi gli appuntamenti ma portare a casa un buon risultato in questo weekend ci permetterebbe di approcciarci ai successivi impegni con una maggiore serenit\u00e0.\u201d<\/p>\n<p>Alla caccia del sesto successo consecutivo Bonfadini torner\u00e0 al volante della sua Peugeot 106 Rallye Kit Car, curata da Assoclub Motorsport, condividendola con Matteo Barbiero.<\/p>\n<p>Due le giornate di gara previste, ad iniziare da un Venerd\u00ec 2 Agosto che si articoler\u00e0 sul doppio passaggio sulla \u201cValle del Riesling\u201d (11,20 km), prima di dare spazio ad una seconda frazione, quella di Sabato 3 Agosto, che conter\u00e0 la triplice tornata in sequenza su \u201cRocca Susella\u201d (6,20 km) e su \u201cBorgoratto Mormorolo \u2013 Fotunago\u201d (8,85 km).<\/p>\n<p>\u201cNon correremo in montagna ma in collina\u201d\u00a0\u2013 conclude Bonfadini \u2013\u00a0\u201ce, da quanto ho potuto apprendere, si tratter\u00e0 di prove speciali molto sconnesse, senza particolari pendenze, con un passo medio veloce. L\u2019obiettivo \u00e8 quello di andare in vacanza felici, cercando poi di concentrarci a dare il massimo di noi stessi negli appuntamenti decisivi di questa stagione. Approfitto dell\u2019occasione per ringraziare l\u2019amico Valentino Vettore che, con il suo apporto tecnico sul fronte assetto, ci sta permettendo di cogliere importanti risultati ad ogni weekend.\u201d<\/p>\n","protected":false},"excerpt":{"rendered":"","protected":false},"author":10,"featured_media":62127,"comment_status":"open","ping_status":"closed","sticky":false,"template":"","format":"standard","meta":[],"categories":[10],"tags":[],"news-destination":[],"news-source":[],"is_homepage":[],"ta_other":[],"_links":{"self":[{"href":"https:\/\/www.ilmercoledi.news\/ilmercoledi\/news\/wp-json\/wp\/v2\/posts\/62128"}],"collection":[{"href":"https:\/\/www.ilmercoledi.news\/ilmercoledi\/news\/wp-json\/wp\/v2\/posts"}],"about":[{"href":"https:\/\/www.ilmercoledi.news\/ilmercoledi\/news\/wp-json\/wp\/v2\/types\/post"}],"author":[{"embeddable":true,"href":"https:\/\/www.ilmercoledi.news\/ilmercoledi\/news\/wp-json\/wp\/v2\/users\/10"}],"replies":[{"embeddable":true,"href":"https:\/\/www.ilmercoledi.news\/ilmercoledi\/news\/wp-json\/wp\/v2\/comments?post=62128"}],"version-history":[{"count":1,"href":"https:\/\/www.ilmercoledi.news\/ilmercoledi\/news\/wp-json\/wp\/v2\/posts\/62128\/revisions"}],"predecessor-version":[{"id":62129,"href":"https:\/\/www.ilmercoledi.news\/ilmercoledi\/news\/wp-json\/wp\/v2\/posts\/62128\/revisions\/62129"}],"wp:featuredmedia":[{"embeddable":true,"href":"https:\/\/www.ilmercoledi.news\/ilmercoledi\/news\/wp-json\/wp\/v2\/media\/62127"}],"wp:attachment":[{"href":"https:\/\/www.ilmercoledi.news\/ilmercoledi\/news\/wp-json\/wp\/v2\/media?parent=62128"}],"wp:term":[{"taxonomy":"category","embeddable":true,"href":"https:\/\/www.ilmercoledi.news\/ilmercoledi\/news\/wp-json\/wp\/v2\/categories?post=62128"},{"taxonomy":"post_tag","embeddable":true,"href":"https:\/\/www.ilmercoledi.news\/ilmercoledi\/news\/wp-json\/wp\/v2\/tags?post=62128"},{"taxonomy":"news-destination","embeddable":true,"href":"https:\/\/www.ilmercoledi.news\/ilmercoledi\/news\/wp-json\/wp\/v2\/news-destination?post=62128"},{"taxonomy":"news-source","embeddable":true,"href":"https:\/\/www.ilmercoledi.news\/ilmercoledi\/news\/wp-json\/wp\/v2\/news-source?post=62128"},{"taxonomy":"is_homepage","embeddable":true,"href":"https:\/\/www.ilmercoledi.news\/ilmercoledi\/news\/wp-json\/wp\/v2\/is_homepage?post=62128"},{"taxonomy":"ta_other","embeddable":true,"href":"https:\/\/www.ilmercoledi.news\/ilmercoledi\/news\/wp-json\/wp\/v2\/ta_other?post=62128"}],"curies":[{"name":"wp","href":"https:\/\/api.w.org\/{rel}","templated":true}]}}