{"id":6222,"date":"2018-05-21T14:55:40","date_gmt":"2018-05-21T12:55:40","guid":{"rendered":"http:\/\/euwps02.tecnavia.com\/ilmercoledi\/news\/?p=6222"},"modified":"2018-05-21T14:55:42","modified_gmt":"2018-05-21T12:55:42","slug":"nichelino-parte-servizio-autobus-mondo-juve","status":"publish","type":"post","link":"https:\/\/www.ilmercoledi.news\/2018\/05\/21\/nichelino-parte-servizio-autobus-mondo-juve\/","title":{"rendered":"NICHELINO &#8211; Parte il servizio autobus per Mondo Juve"},"content":{"rendered":"<p>Gazie a una convenzione, siglata recentemente, tra Citt\u00e0 di Nichelino e MondoJuve, da oggi 21 maggio, la \u201cNavetta 35\u201d della Gtt giunger\u00e0 fino al grande centro commerciale (lato via Scarrone).Il costo complessivo dell&#8217;operazione, poco pi\u00f9 di 40 mila Euro, sar\u00e0 totalmente a carico del centro commerciale.Il nuovo servizio, che non prevede alcun aumento di prezzo del biglietto, allungher\u00e0 la corsa della navetta di 2,5 chilometri.\u201cCon la convenzione \u2013 spiega l&#8217;assessore ai trasporti, Antimo De Ruosi \u2013 veniamo incontri ai cittadini e ai lavoratori del centro che, non disponendo di un mezzo proprio, si trovano in notevoli difficolt\u00e0 nel raggiungere MondoJuve\u201d.\u201cLa mobilit\u00e0 delle persone e il servizio di trasporto pubblico \u2013 aggiunge il sindaco, Giampiero Tolardo\u2013 sono al centro dell&#8217;impegno dell&#8217;Amministrazione Comunale. L&#8217;allungamento della corsa della navetta \u00e8 un momento importante. Ne giover\u00e0 anche anche l&#8217;ambiente<\/p>\n","protected":false},"excerpt":{"rendered":"","protected":false},"author":11,"featured_media":6223,"comment_status":"open","ping_status":"closed","sticky":false,"template":"","format":"standard","meta":[],"categories":[34],"tags":[],"news-destination":[],"news-source":[],"is_homepage":[],"ta_other":[],"_links":{"self":[{"href":"https:\/\/www.ilmercoledi.news\/ilmercoledi\/news\/wp-json\/wp\/v2\/posts\/6222"}],"collection":[{"href":"https:\/\/www.ilmercoledi.news\/ilmercoledi\/news\/wp-json\/wp\/v2\/posts"}],"about":[{"href":"https:\/\/www.ilmercoledi.news\/ilmercoledi\/news\/wp-json\/wp\/v2\/types\/post"}],"author":[{"embeddable":true,"href":"https:\/\/www.ilmercoledi.news\/ilmercoledi\/news\/wp-json\/wp\/v2\/users\/11"}],"replies":[{"embeddable":true,"href":"https:\/\/www.ilmercoledi.news\/ilmercoledi\/news\/wp-json\/wp\/v2\/comments?post=6222"}],"version-history":[{"count":1,"href":"https:\/\/www.ilmercoledi.news\/ilmercoledi\/news\/wp-json\/wp\/v2\/posts\/6222\/revisions"}],"predecessor-version":[{"id":6224,"href":"https:\/\/www.ilmercoledi.news\/ilmercoledi\/news\/wp-json\/wp\/v2\/posts\/6222\/revisions\/6224"}],"wp:featuredmedia":[{"embeddable":true,"href":"https:\/\/www.ilmercoledi.news\/ilmercoledi\/news\/wp-json\/wp\/v2\/media\/6223"}],"wp:attachment":[{"href":"https:\/\/www.ilmercoledi.news\/ilmercoledi\/news\/wp-json\/wp\/v2\/media?parent=6222"}],"wp:term":[{"taxonomy":"category","embeddable":true,"href":"https:\/\/www.ilmercoledi.news\/ilmercoledi\/news\/wp-json\/wp\/v2\/categories?post=6222"},{"taxonomy":"post_tag","embeddable":true,"href":"https:\/\/www.ilmercoledi.news\/ilmercoledi\/news\/wp-json\/wp\/v2\/tags?post=6222"},{"taxonomy":"news-destination","embeddable":true,"href":"https:\/\/www.ilmercoledi.news\/ilmercoledi\/news\/wp-json\/wp\/v2\/news-destination?post=6222"},{"taxonomy":"news-source","embeddable":true,"href":"https:\/\/www.ilmercoledi.news\/ilmercoledi\/news\/wp-json\/wp\/v2\/news-source?post=6222"},{"taxonomy":"is_homepage","embeddable":true,"href":"https:\/\/www.ilmercoledi.news\/ilmercoledi\/news\/wp-json\/wp\/v2\/is_homepage?post=6222"},{"taxonomy":"ta_other","embeddable":true,"href":"https:\/\/www.ilmercoledi.news\/ilmercoledi\/news\/wp-json\/wp\/v2\/ta_other?post=6222"}],"curies":[{"name":"wp","href":"https:\/\/api.w.org\/{rel}","templated":true}]}}