{"id":6232,"date":"2018-05-21T15:33:36","date_gmt":"2018-05-21T13:33:36","guid":{"rendered":"http:\/\/euwps02.tecnavia.com\/ilmercoledi\/news\/?p=6232"},"modified":"2018-05-21T15:33:39","modified_gmt":"2018-05-21T13:33:39","slug":"villastellone-dal-21-maggio-via-alla-carta-didentita-elettronica","status":"publish","type":"post","link":"https:\/\/www.ilmercoledi.news\/2018\/05\/21\/villastellone-dal-21-maggio-via-alla-carta-didentita-elettronica\/","title":{"rendered":"VILLASTELLONE &#8211; Dal 21 maggio via alla carta d&#8217;identit\u00e0 elettronica"},"content":{"rendered":"<p>A partire dal 21 maggio 2018\u00a0il Comune di Villastellone rilascia esclusivamente la Carta d&#8217;Identit\u00e0 Elettronica, attraverso il collegamento con il Ministero dell\u2019Interno.<\/p>\n<p>La carta d\u2019identit\u00e0 pu\u00f2 essere richiesta esclusivamente se il precedente documento \u00e8 in scadenza, scaduto, smarrito, rubato o deteriorato; non deve invece essere richiesta a seguito di cambio indirizzo o residenza.<\/p>\n<p>Il costo della Carta d\u2019identit\u00e0 elettronica \u00e8 di euro 22,21 in contanti (di cui euro 16,79 corrispettivo per spese di emissione sostenute dal Ministero dell\u2019Interno e euro 5,42 di diritti fissi e di segreteria comunali).<\/p>\n<p>Il documento viene spedito dal Poligrafico dello Stato all\u2019indirizzo indicato dall\u2019interessato entro sei giorni lavorativi .<\/p>\n<p>Attualmente la carta d\u2019identit\u00e0 elettronica non pu\u00f2 essere rilasciata ai cittadini non residenti a Villastellone o italiani iscritti all\u2019Anagrafe degli italiani Residenti all\u2019Estero (AIRE) per i quali pu\u00f2 essere emesso esclusivamente il formato cartaceo.<\/p>\n","protected":false},"excerpt":{"rendered":"","protected":false},"author":11,"featured_media":6233,"comment_status":"open","ping_status":"closed","sticky":false,"template":"","format":"standard","meta":[],"categories":[34],"tags":[],"news-destination":[],"news-source":[],"is_homepage":[],"ta_other":[],"_links":{"self":[{"href":"https:\/\/www.ilmercoledi.news\/ilmercoledi\/news\/wp-json\/wp\/v2\/posts\/6232"}],"collection":[{"href":"https:\/\/www.ilmercoledi.news\/ilmercoledi\/news\/wp-json\/wp\/v2\/posts"}],"about":[{"href":"https:\/\/www.ilmercoledi.news\/ilmercoledi\/news\/wp-json\/wp\/v2\/types\/post"}],"author":[{"embeddable":true,"href":"https:\/\/www.ilmercoledi.news\/ilmercoledi\/news\/wp-json\/wp\/v2\/users\/11"}],"replies":[{"embeddable":true,"href":"https:\/\/www.ilmercoledi.news\/ilmercoledi\/news\/wp-json\/wp\/v2\/comments?post=6232"}],"version-history":[{"count":1,"href":"https:\/\/www.ilmercoledi.news\/ilmercoledi\/news\/wp-json\/wp\/v2\/posts\/6232\/revisions"}],"predecessor-version":[{"id":6234,"href":"https:\/\/www.ilmercoledi.news\/ilmercoledi\/news\/wp-json\/wp\/v2\/posts\/6232\/revisions\/6234"}],"wp:featuredmedia":[{"embeddable":true,"href":"https:\/\/www.ilmercoledi.news\/ilmercoledi\/news\/wp-json\/wp\/v2\/media\/6233"}],"wp:attachment":[{"href":"https:\/\/www.ilmercoledi.news\/ilmercoledi\/news\/wp-json\/wp\/v2\/media?parent=6232"}],"wp:term":[{"taxonomy":"category","embeddable":true,"href":"https:\/\/www.ilmercoledi.news\/ilmercoledi\/news\/wp-json\/wp\/v2\/categories?post=6232"},{"taxonomy":"post_tag","embeddable":true,"href":"https:\/\/www.ilmercoledi.news\/ilmercoledi\/news\/wp-json\/wp\/v2\/tags?post=6232"},{"taxonomy":"news-destination","embeddable":true,"href":"https:\/\/www.ilmercoledi.news\/ilmercoledi\/news\/wp-json\/wp\/v2\/news-destination?post=6232"},{"taxonomy":"news-source","embeddable":true,"href":"https:\/\/www.ilmercoledi.news\/ilmercoledi\/news\/wp-json\/wp\/v2\/news-source?post=6232"},{"taxonomy":"is_homepage","embeddable":true,"href":"https:\/\/www.ilmercoledi.news\/ilmercoledi\/news\/wp-json\/wp\/v2\/is_homepage?post=6232"},{"taxonomy":"ta_other","embeddable":true,"href":"https:\/\/www.ilmercoledi.news\/ilmercoledi\/news\/wp-json\/wp\/v2\/ta_other?post=6232"}],"curies":[{"name":"wp","href":"https:\/\/api.w.org\/{rel}","templated":true}]}}