{"id":6276,"date":"2018-05-22T16:12:45","date_gmt":"2018-05-22T14:12:45","guid":{"rendered":"http:\/\/euwps02.tecnavia.com\/ilmercoledi\/news\/?p=6276"},"modified":"2018-05-22T16:12:47","modified_gmt":"2018-05-22T14:12:47","slug":"piemonte-fi-ricetta-lo-sviluppo","status":"publish","type":"post","link":"https:\/\/www.ilmercoledi.news\/2018\/05\/22\/piemonte-fi-ricetta-lo-sviluppo\/","title":{"rendered":"Piemonte da Fi ricetta per lo sviluppo"},"content":{"rendered":"<p><img alt=\"Piemonte da Fi ricetta per lo sviluppo\" title=\"Piemonte da Fi ricetta per lo sviluppo\" loading=\"lazy\" class=\"size-full wp-image-6279\" src=\"https:\/\/www.ilmercoledi.news\/ilmercoledi\/news\/wp-content\/uploads\/sites\/3\/2018\/05\/Giachino-mino-bis.jpg\" alt=\"\" width=\"275\" height=\"183\" \/><\/p>\n<p>Uno degli imperativi per il Piemonte \u00e8 il rilancio dell\u2019 economia \u00a0del \u00a0lavoro a Torino e in tutto il territorio regionale. A questa conclusione, dopo un\u2019approfondita analisi, \u00e8 giunta la conferenza tenuta lunedi 21 maggio sala dell\u2019hotel Diplomatic di Torino dal gruppo di Forza Italia, con Gilberto Pichetto, coordinatore regionale del partito, con Alberto Cirio, parlamentare europeo e Bartolomeo Giachino, ex sottosegretario ai trasporti,<\/p>\n<p>Molto interessanti e preoccupanti i dati Istat che confermano che dal 2001 al 2016 il Piemonte ha perso 4 punti rispetto alla media nazionale, mentre la Lombardia e l\u2019Emilia crescevano di 6 punti. <em>\u201cPerdere 10 punti rispetto a Emilia e Lombardia \u00e8 un segnale molto negativo<\/em> \u2013 ha sottolineato Giachino &#8211; <em>che spiega perch\u00e9 in Piemonte abbiamo pi\u00f9 disoccupati e perch\u00e9 arrivano pochi investimenti dall\u2019estero\u201d.<\/em><\/p>\n<p>E\u2019 poi stata presenta la ricetta per il rilancio, che si dovr\u00e0 basare<em> \u201csul rilancio delle infrastrutture che servono a inserire Torino dentro gli scambi economici e turistici europei: realizzando la Tav, ristrutturando la linea ferroviaria Savona Torino che aiuter\u00e0 sia il trasporto merci dal nuovo porto di Vado dove arriveranno a fine 2019 ben 800.000 container dalla Cina<\/em> \u2013 ha evidenziato l\u2019ex- sottosegretario ai trasporti &#8211; \u00a0<em>Inoltre bisogna costruire la tangenziale Est e rilanciare l\u2019aeroporto di Torino, solo XI in Italia mentre Torino \u00e8 la quarta per abitanti\u201d.<\/em><\/p>\n<p>Un\u2019altra proposta di Forza Italia \u00e8 stata quella di riunire le tre Regioni: Piemonte, Liguria e Lombardia che insieme producono 530 miliardi di fatturato al pari delle grandi aree industriali europee. Insieme le tre Regioni potrebbero mettere a fattor comune le loro potenzialit\u00e0 dalla manifattura piemontese, ai porti liguri, alle fiere e al mercato finanziario di Milano.<\/p>\n<p>Anche se nella conferenza non se n\u2019\u00e8 parlato, nella sala era palpabile l\u2019attesa per una candidatura forte di Forza Italia, per il centrodestra, con l\u2019obiettivo di conquistare la guida politica della Regione.<\/p>\n","protected":false},"excerpt":{"rendered":"","protected":false},"author":6,"featured_media":6278,"comment_status":"open","ping_status":"closed","sticky":false,"template":"","format":"standard","meta":[],"categories":[117],"tags":[162,84,164,163],"news-destination":[],"news-source":[],"is_homepage":[],"ta_other":[],"_links":{"self":[{"href":"https:\/\/www.ilmercoledi.news\/ilmercoledi\/news\/wp-json\/wp\/v2\/posts\/6276"}],"collection":[{"href":"https:\/\/www.ilmercoledi.news\/ilmercoledi\/news\/wp-json\/wp\/v2\/posts"}],"about":[{"href":"https:\/\/www.ilmercoledi.news\/ilmercoledi\/news\/wp-json\/wp\/v2\/types\/post"}],"author":[{"embeddable":true,"href":"https:\/\/www.ilmercoledi.news\/ilmercoledi\/news\/wp-json\/wp\/v2\/users\/6"}],"replies":[{"embeddable":true,"href":"https:\/\/www.ilmercoledi.news\/ilmercoledi\/news\/wp-json\/wp\/v2\/comments?post=6276"}],"version-history":[{"count":1,"href":"https:\/\/www.ilmercoledi.news\/ilmercoledi\/news\/wp-json\/wp\/v2\/posts\/6276\/revisions"}],"predecessor-version":[{"id":6280,"href":"https:\/\/www.ilmercoledi.news\/ilmercoledi\/news\/wp-json\/wp\/v2\/posts\/6276\/revisions\/6280"}],"wp:featuredmedia":[{"embeddable":true,"href":"https:\/\/www.ilmercoledi.news\/ilmercoledi\/news\/wp-json\/wp\/v2\/media\/6278"}],"wp:attachment":[{"href":"https:\/\/www.ilmercoledi.news\/ilmercoledi\/news\/wp-json\/wp\/v2\/media?parent=6276"}],"wp:term":[{"taxonomy":"category","embeddable":true,"href":"https:\/\/www.ilmercoledi.news\/ilmercoledi\/news\/wp-json\/wp\/v2\/categories?post=6276"},{"taxonomy":"post_tag","embeddable":true,"href":"https:\/\/www.ilmercoledi.news\/ilmercoledi\/news\/wp-json\/wp\/v2\/tags?post=6276"},{"taxonomy":"news-destination","embeddable":true,"href":"https:\/\/www.ilmercoledi.news\/ilmercoledi\/news\/wp-json\/wp\/v2\/news-destination?post=6276"},{"taxonomy":"news-source","embeddable":true,"href":"https:\/\/www.ilmercoledi.news\/ilmercoledi\/news\/wp-json\/wp\/v2\/news-source?post=6276"},{"taxonomy":"is_homepage","embeddable":true,"href":"https:\/\/www.ilmercoledi.news\/ilmercoledi\/news\/wp-json\/wp\/v2\/is_homepage?post=6276"},{"taxonomy":"ta_other","embeddable":true,"href":"https:\/\/www.ilmercoledi.news\/ilmercoledi\/news\/wp-json\/wp\/v2\/ta_other?post=6276"}],"curies":[{"name":"wp","href":"https:\/\/api.w.org\/{rel}","templated":true}]}}