{"id":6383,"date":"2018-05-25T15:05:56","date_gmt":"2018-05-25T13:05:56","guid":{"rendered":"http:\/\/euwps02.tecnavia.com\/ilmercoledi\/news\/?p=6383"},"modified":"2018-05-25T15:05:58","modified_gmt":"2018-05-25T13:05:58","slug":"poli-universita-torino-primi-italia-nellindustria-4-0","status":"publish","type":"post","link":"https:\/\/www.ilmercoledi.news\/2018\/05\/25\/poli-universita-torino-primi-italia-nellindustria-4-0\/","title":{"rendered":"Poli e Universit\u00e0 di Torino, primi in Italia nell&#8217;Industria 4.0"},"content":{"rendered":"<p><b>I<\/b>l Ministero dello Sviluppo Economico ha reso nota la classifica dei Competence Center ammessi al finanziamento previsto dal bando chiuso un mese fa: la proposta della cordata piemontese sull&#8217;Industria 4.0 centrata sull\u2019 \u00ecAdvanced Manifacturing nei settori automotive e aerospazio, composta da <strong>Politecnico di Torino<\/strong> e <strong>Universit\u00e0 di Torino <\/strong>unitamente a 24 aziende private che hanno aderito con una manifestazione di interesse, ha ottenuto il primo posto, seguita da Politecnico di Milano e Universit\u00e0 di Bologna.<\/p>\n<p>Il Mise ha infatti comunicato che allo stanziamento iniziale di 40 milioni di euro ha aggiunto altri 33 milioni \u2013 di cui 13 destinati ai progetti del Sud Italia.<\/p>\n<p>Hanno aderito al progetto piemontese: 4D Engineering S.r.l., Agilent Technologies S.p.A., aizoOn Consulting S.r.l., Altran Italia S.p.A., Cemas Elettra S.r.l., Consoft Sistemi S.p.A., Eni S.p.A., FCA Italy S.p.A., Fev Italia S.r.l., GE Avio S.r.l., GM Global Propulsion Systems-Torino S.r.l., Illogic S.r.l., Iren S.p.A., ItaldesignGiugiaro S.p.A., Leonardo S.p.A., Merlo S.p.A., Prima Industria S.p.A., Reply S.p.A., Siemens S.p.A., SKF Industrie S.p.A, SPA Michelin Italiana, STMicroelectronics, Thales Alenia Space Italia S.p.A., TIM S.p.A.<\/p>\n<p>Il <strong>Centro di Competenza metter\u00e0 a disposizione delle aziende \u201clinee pilota\u201d innovative<\/strong> per diverse tecnologie manifatturiere e costituir\u00e0 un punto di riferimento in tutti gli ambiti ad esse collegati.<\/p>\n<p>Il Rettore del Politecnico di Torino <strong>Guido Saracco <\/strong>ha dichiarato: &#8220;Si tratta di un ottimo risultato per il sistema universitario e socio-economico del nostro territorio. Da qui il nostro sistema manifatturiero pu\u00f2 ripartire mirando ad essere sempre pi\u00f9 competitivo grazie alla sinergia tra universit\u00e0, centri di ricerca, sistema delle aziende e piccole medie imprese&#8221;.<\/p>\n<p>\u201cSiamo molto soddisfatti di questo risultato\u201d\u00a0dichiara il Rettore dell\u2019Universit\u00e0 di Torno, prof.\u00a0<strong>Gianmaria Ajani\u00a0<\/strong>\u201cche pone gli Atenei torinesi come motore dell\u2019innovazione del tessuto industriale italiano. Il progetto spazia in tutti gli aspetti utili per le imprese del futuro, scienza e tecnologia dei materiali, l\u2019ingegneria, l\u2019informatica e l\u2019energia, ma anche la sociologia, l\u2019economia e le scienze umane. Per l\u2019Industria 4.0 non sono necessari solo macchine e robot, ma occorre soprattutto far crescere una nuova cultura del lavoro, individuare nuovi modelli organizzativi e nuove opportunit\u00e0 di business per le aziende\u201d.<\/p>\n","protected":false},"excerpt":{"rendered":"","protected":false},"author":7,"featured_media":2507,"comment_status":"open","ping_status":"closed","sticky":false,"template":"","format":"standard","meta":[],"categories":[8],"tags":[],"news-destination":[],"news-source":[],"is_homepage":[],"ta_other":[],"_links":{"self":[{"href":"https:\/\/www.ilmercoledi.news\/ilmercoledi\/news\/wp-json\/wp\/v2\/posts\/6383"}],"collection":[{"href":"https:\/\/www.ilmercoledi.news\/ilmercoledi\/news\/wp-json\/wp\/v2\/posts"}],"about":[{"href":"https:\/\/www.ilmercoledi.news\/ilmercoledi\/news\/wp-json\/wp\/v2\/types\/post"}],"author":[{"embeddable":true,"href":"https:\/\/www.ilmercoledi.news\/ilmercoledi\/news\/wp-json\/wp\/v2\/users\/7"}],"replies":[{"embeddable":true,"href":"https:\/\/www.ilmercoledi.news\/ilmercoledi\/news\/wp-json\/wp\/v2\/comments?post=6383"}],"version-history":[{"count":1,"href":"https:\/\/www.ilmercoledi.news\/ilmercoledi\/news\/wp-json\/wp\/v2\/posts\/6383\/revisions"}],"predecessor-version":[{"id":6384,"href":"https:\/\/www.ilmercoledi.news\/ilmercoledi\/news\/wp-json\/wp\/v2\/posts\/6383\/revisions\/6384"}],"wp:featuredmedia":[{"embeddable":true,"href":"https:\/\/www.ilmercoledi.news\/ilmercoledi\/news\/wp-json\/wp\/v2\/media\/2507"}],"wp:attachment":[{"href":"https:\/\/www.ilmercoledi.news\/ilmercoledi\/news\/wp-json\/wp\/v2\/media?parent=6383"}],"wp:term":[{"taxonomy":"category","embeddable":true,"href":"https:\/\/www.ilmercoledi.news\/ilmercoledi\/news\/wp-json\/wp\/v2\/categories?post=6383"},{"taxonomy":"post_tag","embeddable":true,"href":"https:\/\/www.ilmercoledi.news\/ilmercoledi\/news\/wp-json\/wp\/v2\/tags?post=6383"},{"taxonomy":"news-destination","embeddable":true,"href":"https:\/\/www.ilmercoledi.news\/ilmercoledi\/news\/wp-json\/wp\/v2\/news-destination?post=6383"},{"taxonomy":"news-source","embeddable":true,"href":"https:\/\/www.ilmercoledi.news\/ilmercoledi\/news\/wp-json\/wp\/v2\/news-source?post=6383"},{"taxonomy":"is_homepage","embeddable":true,"href":"https:\/\/www.ilmercoledi.news\/ilmercoledi\/news\/wp-json\/wp\/v2\/is_homepage?post=6383"},{"taxonomy":"ta_other","embeddable":true,"href":"https:\/\/www.ilmercoledi.news\/ilmercoledi\/news\/wp-json\/wp\/v2\/ta_other?post=6383"}],"curies":[{"name":"wp","href":"https:\/\/api.w.org\/{rel}","templated":true}]}}