{"id":6469,"date":"2018-05-28T13:45:47","date_gmt":"2018-05-28T11:45:47","guid":{"rendered":"http:\/\/euwps02.tecnavia.com\/ilmercoledi\/news\/?p=6469"},"modified":"2018-05-28T13:45:48","modified_gmt":"2018-05-28T11:45:48","slug":"carmagnola-definizione-programma-del-giovedi-le-stelle","status":"publish","type":"post","link":"https:\/\/www.ilmercoledi.news\/2018\/05\/28\/carmagnola-definizione-programma-del-giovedi-le-stelle\/","title":{"rendered":"CARMAGNOLA &#8211; In definizione il programma del Gioved\u00ec sotto le stelle"},"content":{"rendered":"<p>Si va definendo il programma dei Gioved\u00ec sotto le Stelle\/Saldi 2018.Il gruppo di lavoro composto da rappresentanti di Ascom, Confesercenti, OfficinaCarmagnola, Pro Loco e Comune, ha ormai definito il programma delle sei serate diquest\u2019estate. In tutte le serate i bar cittadini amplieranno i loro dehors per accogliere ivisitatori e i negozi saranno aperti lungo le vie cittadine. Di seguito alcune anticipazioni sulprogramma delle prime tre serate.La prima serata si terr\u00e0 gioved\u00ec 21 giugno, con il tema la \u201cserata bimbi\u201d. Il programmaprevede esibizioni di gruppi musicali, sfilate di moda bimbi organizzate dagli esercenti,gonfiabili, distribuzione caramelle, esibizione dell\u2019unit\u00e0 cinofila dei Carabinieri di Torino edelle associazioni cittadine di ginnastica e danza.La seconda serata si terr\u00e0 gioved\u00ec 28 giugno e riproporr\u00e0 il tema \u201cFestival Folk\u201d, che nellapassata edizione ha riscosso notevole successo. Lungo via Valobra e piazza Martiri siesibiranno diversi gruppi musicali. Sar\u00e0 anche effettuata una dimostrazione di taglio e curadella barba a cura dei parrucchieri di Carmagnola.La terza serata si terr\u00e0 sabato 7 luglio in coincidenza con l\u2019apertura ufficiali dei saldi 2018. Iltema sar\u00e0 naturalmente lo shopping cittadino, con intrattenimenti musicali ed esibizioni delleassociazioni sportive Carmagnolesi.Le serate proseguiranno con gli appuntamenti di gioved\u00ec 12, 19 e 26 luglio.Commenta l\u2019Assessore Gian Luigi Surra \u201cGrazie alla collaborazione di tutte le associazioniche partecipano fattivamente all\u2019iniziativa e alla compartecipazione alle spese degli esercizicommerciali anche quest\u2019anno si ripropone un appuntamento gradito ai cittadiniCarmagnolesi e delle citt\u00e0 limitrofe che nelle serate estive possono avere un momento dispensieratezza e divertimento anche in citt\u00e0.\u201d<\/p>\n","protected":false},"excerpt":{"rendered":"","protected":false},"author":11,"featured_media":6088,"comment_status":"open","ping_status":"closed","sticky":false,"template":"","format":"standard","meta":[],"categories":[34],"tags":[],"news-destination":[],"news-source":[],"is_homepage":[],"ta_other":[],"_links":{"self":[{"href":"https:\/\/www.ilmercoledi.news\/ilmercoledi\/news\/wp-json\/wp\/v2\/posts\/6469"}],"collection":[{"href":"https:\/\/www.ilmercoledi.news\/ilmercoledi\/news\/wp-json\/wp\/v2\/posts"}],"about":[{"href":"https:\/\/www.ilmercoledi.news\/ilmercoledi\/news\/wp-json\/wp\/v2\/types\/post"}],"author":[{"embeddable":true,"href":"https:\/\/www.ilmercoledi.news\/ilmercoledi\/news\/wp-json\/wp\/v2\/users\/11"}],"replies":[{"embeddable":true,"href":"https:\/\/www.ilmercoledi.news\/ilmercoledi\/news\/wp-json\/wp\/v2\/comments?post=6469"}],"version-history":[{"count":1,"href":"https:\/\/www.ilmercoledi.news\/ilmercoledi\/news\/wp-json\/wp\/v2\/posts\/6469\/revisions"}],"predecessor-version":[{"id":6470,"href":"https:\/\/www.ilmercoledi.news\/ilmercoledi\/news\/wp-json\/wp\/v2\/posts\/6469\/revisions\/6470"}],"wp:featuredmedia":[{"embeddable":true,"href":"https:\/\/www.ilmercoledi.news\/ilmercoledi\/news\/wp-json\/wp\/v2\/media\/6088"}],"wp:attachment":[{"href":"https:\/\/www.ilmercoledi.news\/ilmercoledi\/news\/wp-json\/wp\/v2\/media?parent=6469"}],"wp:term":[{"taxonomy":"category","embeddable":true,"href":"https:\/\/www.ilmercoledi.news\/ilmercoledi\/news\/wp-json\/wp\/v2\/categories?post=6469"},{"taxonomy":"post_tag","embeddable":true,"href":"https:\/\/www.ilmercoledi.news\/ilmercoledi\/news\/wp-json\/wp\/v2\/tags?post=6469"},{"taxonomy":"news-destination","embeddable":true,"href":"https:\/\/www.ilmercoledi.news\/ilmercoledi\/news\/wp-json\/wp\/v2\/news-destination?post=6469"},{"taxonomy":"news-source","embeddable":true,"href":"https:\/\/www.ilmercoledi.news\/ilmercoledi\/news\/wp-json\/wp\/v2\/news-source?post=6469"},{"taxonomy":"is_homepage","embeddable":true,"href":"https:\/\/www.ilmercoledi.news\/ilmercoledi\/news\/wp-json\/wp\/v2\/is_homepage?post=6469"},{"taxonomy":"ta_other","embeddable":true,"href":"https:\/\/www.ilmercoledi.news\/ilmercoledi\/news\/wp-json\/wp\/v2\/ta_other?post=6469"}],"curies":[{"name":"wp","href":"https:\/\/api.w.org\/{rel}","templated":true}]}}