{"id":6528,"date":"2018-05-30T12:27:09","date_gmt":"2018-05-30T10:27:09","guid":{"rendered":"http:\/\/euwps02.tecnavia.com\/ilmercoledi\/news\/?p=6528"},"modified":"2018-05-30T12:27:11","modified_gmt":"2018-05-30T10:27:11","slug":"spegnimento-tutor-la-posizione-autostrade-litalia","status":"publish","type":"post","link":"https:\/\/www.ilmercoledi.news\/2018\/05\/30\/spegnimento-tutor-la-posizione-autostrade-litalia\/","title":{"rendered":"Spegnimento Tutor, la posizione di Autostrade per l&#8217;Italia"},"content":{"rendered":"<p align=\"JUSTIFY\">MONCALIERI &#8211; Come \u00e8 noto la Corte d&#8217;Appello di Roma ha bocciato il ricorso presentato da Autostrade per l&#8217;Italia relativo alla possibilit\u00e0 di mantenere attivo il Tutor, il sistema per la misurazione della velocit\u00e0 media in autostrada che \u00e8 stato oggetto di una vicenda di contraffazione del brevetto. Per Autostrade per l&#8217;Italia \u00e8 quindi confermato l&#8217;obbligo a smantellare i misuratori, con una sanzione di 500 euro per ogni giorno d&#8217;utilizzo successivo alla sentenza, da versare alla societ\u00e0 che \u00e8 stata riconosciuta proprietaria del brevetto, la toscana Craft, che lo scorso 10 aprile ha ottenuto la rimozione del Tutor. E in quella data Autostrade per l&#8217;Italia aveva promesso di risolvere la questione nel giro di poche settimane sostituendo il Tutor con un sistema analogo, il Sicve-Pm, un sistema gi\u00e0 approvato dal Ministero dei Trasporti che una sentenza della Corte d&#8217;Appello ha considerato per\u00f2 una copia esatta del Tutor: manca infatti una vera novit\u00e0 che possa renderlo differente. Riportiamo quindi il comunicato emanato dalla societ\u00e0 Autostrade in merito alla vicenda. &#8220;In relazione alle notizie pubblicate dai media sulla pronuncia della Corte d\u2019Appello di Roma, relativa al rigetto dell\u2019istanza di sospensione degli effetti del dispositivo della precedente sentenza del 10.4.2018, a proposito dell\u2019utilizzo del sistema Sicve-Tutor sulla rete autostradale, Polizia Stradale e Autostrade per l\u2019Italia precisano che a valle dell\u2019avvenuta disattivazione del sistema continueranno, ciascuna per gli obblighi specificamente loro imposti dalla legge, ad avere cura della sicurezza e della incolumit\u00e0 dei cittadini che viaggiano in autostrada. Secondo la Corte Autostrade per l\u2019Italia non ha alcun obbligo di installare sistemi di rilevazione della velocit\u00e0 ed \u00e8 per tali motivi che la Corte d\u2019Appello non ha ritenuto Autostrade per l\u2019Italia legittimata ad ottenere la sospensione dell\u2019esecuzione della sentenza del 10 aprile scorso. La tutela della sicurezza stradale \u00e8 in capo alle istituzioni preposte. Polizia Stradale ed Autostrade per l\u2019Italia stanno lavorando per l\u2019attivazione in via sperimentale del nuovo sistema SICVe PM, approvato con provvedimento del Ministero delle Infrastrutture e dei Trasporti N. 3338 del 31 maggio 2017&#8221;.<\/p>\n","protected":false},"excerpt":{"rendered":"","protected":false},"author":10,"featured_media":6529,"comment_status":"open","ping_status":"closed","sticky":false,"template":"","format":"standard","meta":[],"categories":[8],"tags":[],"news-destination":[],"news-source":[],"is_homepage":[],"ta_other":[],"_links":{"self":[{"href":"https:\/\/www.ilmercoledi.news\/ilmercoledi\/news\/wp-json\/wp\/v2\/posts\/6528"}],"collection":[{"href":"https:\/\/www.ilmercoledi.news\/ilmercoledi\/news\/wp-json\/wp\/v2\/posts"}],"about":[{"href":"https:\/\/www.ilmercoledi.news\/ilmercoledi\/news\/wp-json\/wp\/v2\/types\/post"}],"author":[{"embeddable":true,"href":"https:\/\/www.ilmercoledi.news\/ilmercoledi\/news\/wp-json\/wp\/v2\/users\/10"}],"replies":[{"embeddable":true,"href":"https:\/\/www.ilmercoledi.news\/ilmercoledi\/news\/wp-json\/wp\/v2\/comments?post=6528"}],"version-history":[{"count":1,"href":"https:\/\/www.ilmercoledi.news\/ilmercoledi\/news\/wp-json\/wp\/v2\/posts\/6528\/revisions"}],"predecessor-version":[{"id":6530,"href":"https:\/\/www.ilmercoledi.news\/ilmercoledi\/news\/wp-json\/wp\/v2\/posts\/6528\/revisions\/6530"}],"wp:featuredmedia":[{"embeddable":true,"href":"https:\/\/www.ilmercoledi.news\/ilmercoledi\/news\/wp-json\/wp\/v2\/media\/6529"}],"wp:attachment":[{"href":"https:\/\/www.ilmercoledi.news\/ilmercoledi\/news\/wp-json\/wp\/v2\/media?parent=6528"}],"wp:term":[{"taxonomy":"category","embeddable":true,"href":"https:\/\/www.ilmercoledi.news\/ilmercoledi\/news\/wp-json\/wp\/v2\/categories?post=6528"},{"taxonomy":"post_tag","embeddable":true,"href":"https:\/\/www.ilmercoledi.news\/ilmercoledi\/news\/wp-json\/wp\/v2\/tags?post=6528"},{"taxonomy":"news-destination","embeddable":true,"href":"https:\/\/www.ilmercoledi.news\/ilmercoledi\/news\/wp-json\/wp\/v2\/news-destination?post=6528"},{"taxonomy":"news-source","embeddable":true,"href":"https:\/\/www.ilmercoledi.news\/ilmercoledi\/news\/wp-json\/wp\/v2\/news-source?post=6528"},{"taxonomy":"is_homepage","embeddable":true,"href":"https:\/\/www.ilmercoledi.news\/ilmercoledi\/news\/wp-json\/wp\/v2\/is_homepage?post=6528"},{"taxonomy":"ta_other","embeddable":true,"href":"https:\/\/www.ilmercoledi.news\/ilmercoledi\/news\/wp-json\/wp\/v2\/ta_other?post=6528"}],"curies":[{"name":"wp","href":"https:\/\/api.w.org\/{rel}","templated":true}]}}