{"id":6621,"date":"2018-06-01T16:48:36","date_gmt":"2018-06-01T14:48:36","guid":{"rendered":"http:\/\/euwps02.tecnavia.com\/ilmercoledi\/news\/?p=6621"},"modified":"2018-06-01T16:48:38","modified_gmt":"2018-06-01T14:48:38","slug":"equipaggi-nostrani-al-rally-team-971","status":"publish","type":"post","link":"https:\/\/www.ilmercoledi.news\/2018\/06\/01\/equipaggi-nostrani-al-rally-team-971\/","title":{"rendered":"Sei equipaggi nostrani al Rally Team 971"},"content":{"rendered":"<p>MONCALIERI &#8211; Domenica va in scena il Rally Team 971, un classico di stagione del panorama torinese che vedr\u00e0 sei equipaggi nostrani in lizza, tre per il Mercoled\u00ec Racing Team e altrettanti griffati dalla Due Gi Sport Moncalieri di patron Gabetti. La partenza \u00e8 fissata per le 8.16 da Settimo Torinese, cittadina dalla quale si dipaner\u00e0 il tracciato allestito dagli organizzatori, che complessivamente misurer\u00e0 336 chilometri, 71 dei quali cronometrati e suddivisi in otto prove speciali. Un match corsaiolo che toccher\u00e0 affrontare ai 75 equipaggi in lizza, fra cui appunto quelli che terranno alto il gagliardetto di Moncalieri e dintorni. Per quanto riguarda l\u2019iMRT l\u2019elenco inizia con il poirinese Patrick Gagliasso e il carmagnolese Dario Beltramo su Skoda Fabia R5. Stessa vettura e classe per i trofarellesi Marco Luison e Gloria Andreis, mentre il carmagnolese Gianfranco Vedelago, in coppia con il valdostano Corrado Courthod, da tempo suo copilota di fiducia, interverr\u00e0 con una Mitsubishi Lancer Evo X militante nella competitiva R4. E ora gli assi che sfoderer\u00e0 per l\u2019occasione la 2G. Qui l\u2019elenco parte con Gianluca Tavelli e Nicol\u00f2 Cottellero, fautori di tante soddisfazioni nel corso della stagione agonistica in corso per il sodalizio moncalierese. Al \u00ab971\u00bb saranno su una Renault New Clio R3T. Una Peugeot 106 Prod E5 invece per i loco compagni di scuderia Marco Giordanino e Renato Meroni, che poi sar\u00e0 la medesima vettura con cui si presenteranno alla pedana di Settimo Marco Massaro e Vittorio Bianco.<\/p>\n<p><strong>I risultati nell\u2019edizione in edicola il 6 giugno<\/strong><\/p>\n","protected":false},"excerpt":{"rendered":"","protected":false},"author":10,"featured_media":6622,"comment_status":"open","ping_status":"closed","sticky":false,"template":"","format":"standard","meta":[],"categories":[10],"tags":[],"news-destination":[],"news-source":[],"is_homepage":[],"ta_other":[],"_links":{"self":[{"href":"https:\/\/www.ilmercoledi.news\/ilmercoledi\/news\/wp-json\/wp\/v2\/posts\/6621"}],"collection":[{"href":"https:\/\/www.ilmercoledi.news\/ilmercoledi\/news\/wp-json\/wp\/v2\/posts"}],"about":[{"href":"https:\/\/www.ilmercoledi.news\/ilmercoledi\/news\/wp-json\/wp\/v2\/types\/post"}],"author":[{"embeddable":true,"href":"https:\/\/www.ilmercoledi.news\/ilmercoledi\/news\/wp-json\/wp\/v2\/users\/10"}],"replies":[{"embeddable":true,"href":"https:\/\/www.ilmercoledi.news\/ilmercoledi\/news\/wp-json\/wp\/v2\/comments?post=6621"}],"version-history":[{"count":1,"href":"https:\/\/www.ilmercoledi.news\/ilmercoledi\/news\/wp-json\/wp\/v2\/posts\/6621\/revisions"}],"predecessor-version":[{"id":6623,"href":"https:\/\/www.ilmercoledi.news\/ilmercoledi\/news\/wp-json\/wp\/v2\/posts\/6621\/revisions\/6623"}],"wp:featuredmedia":[{"embeddable":true,"href":"https:\/\/www.ilmercoledi.news\/ilmercoledi\/news\/wp-json\/wp\/v2\/media\/6622"}],"wp:attachment":[{"href":"https:\/\/www.ilmercoledi.news\/ilmercoledi\/news\/wp-json\/wp\/v2\/media?parent=6621"}],"wp:term":[{"taxonomy":"category","embeddable":true,"href":"https:\/\/www.ilmercoledi.news\/ilmercoledi\/news\/wp-json\/wp\/v2\/categories?post=6621"},{"taxonomy":"post_tag","embeddable":true,"href":"https:\/\/www.ilmercoledi.news\/ilmercoledi\/news\/wp-json\/wp\/v2\/tags?post=6621"},{"taxonomy":"news-destination","embeddable":true,"href":"https:\/\/www.ilmercoledi.news\/ilmercoledi\/news\/wp-json\/wp\/v2\/news-destination?post=6621"},{"taxonomy":"news-source","embeddable":true,"href":"https:\/\/www.ilmercoledi.news\/ilmercoledi\/news\/wp-json\/wp\/v2\/news-source?post=6621"},{"taxonomy":"is_homepage","embeddable":true,"href":"https:\/\/www.ilmercoledi.news\/ilmercoledi\/news\/wp-json\/wp\/v2\/is_homepage?post=6621"},{"taxonomy":"ta_other","embeddable":true,"href":"https:\/\/www.ilmercoledi.news\/ilmercoledi\/news\/wp-json\/wp\/v2\/ta_other?post=6621"}],"curies":[{"name":"wp","href":"https:\/\/api.w.org\/{rel}","templated":true}]}}