{"id":6710,"date":"2018-06-04T16:18:09","date_gmt":"2018-06-04T14:18:09","guid":{"rendered":"http:\/\/euwps02.tecnavia.com\/ilmercoledi\/news\/?p=6710"},"modified":"2018-06-04T16:18:10","modified_gmt":"2018-06-04T14:18:10","slug":"driver-piemontesi-vista-alla-mitteleuropean-race","status":"publish","type":"post","link":"https:\/\/www.ilmercoledi.news\/2018\/06\/04\/driver-piemontesi-vista-alla-mitteleuropean-race\/","title":{"rendered":"Driver piemontesi in vista alla Mitteleuropean Race"},"content":{"rendered":"<p>TRIESTE &#8211; Avevano concluso la prima tappa di sabato 2 giugno in testa e sono ritornati vincitori anche dalla seconda e ultima tappa, quella che ha sconfinato nella vicina Slovenia raggiungendo Capodistria e Portorose. Cos\u00ec la Mitteleuropean Race si \u00e8 conclusa con il successo dell\u2019equipaggio formato da Luca Patron di Vicenza e da Massimo Casale di Romano d\u2019Ezzelino, in gara con un\u00a0MG L Type\u00a0del 1933 con i colori del Loro Piana Classic Car Team. Staccati di 172,50 penalit\u00e0 hanno terminato al secondo posto Marco Gatta e Eugenio Piccinelli, entrambi della provincia di Brescia, i quali erano al via con una\u00a0Amilcar CGS S\u00a0del 1926 con i colori della Brescia Corse. Terzo gradino del podio per Fabio Salvinelli e Guido Ceccardi, rispettivamente della provincia di Brescia e di Mantova, che hanno corso con la\u00a0Fiat 514 MM\u00a0del 1930 con la quale la coppia bresciana Vesco-Guerini, quest\u2019anno assente, aveva gi\u00e0 vinto alla Mitteleuropean Race. Salvinelli\u00a0 ha chiuso a 189,86 penalit\u00e0. Il primo pilota friulano \u00e8 il quarto classificato, Tiziano Baldissera di Pordenone, che con il padovano Edoardo Covaz su una\u00a0Fiat 1100\/103 TV\u00a0ha terminato in quarta posizione. Sono stati 21 gli equipaggi all\u2019arrivo, dei 30 ammessi alla partenza, ai quali si sono aggregati i driver di un raduno di Alfa Romeo 4C. C\u2019erano in gara, oltre agli italiani, driver di Argentina, Austria, Germania, Slovenia, Svizzera. Molto positivi i commenti. Il vincitore Luca Patron, 45 anni e un\u2019industria che recupera materie prime alle spalle ha dichiarato che sar\u00e0 sicuramente al via nel 2019 data la bellezza dei luoghi e la estrema tecnicit\u00e0 del percorso ideato da Maurizio De Marco che con Riccardo Novacco e Susanna Serri \u00e8 stato tra i promotori fin dalla prima edizione dell\u2019evento. Tra i vip alla partenza c\u2019era il comasco Arturo Merzario, pilota ufficiale della Ferrari F1 fino al 1973. Con la scuderia di Maranello ha vinto nel Mondiale Marche. Merzario alla premiazione ha avuto parole di elogio per la bellezza di Trieste e dintorni e\u00a0 per la gara e si \u00e8 gi\u00e0 detto pronto a tornare nel 2019. \u201cLa mia vita \u2013 ha detto \u2013 sono le auto\u201d. Nella giornata di sabato la coppia veneto-friulana formata da Tonino Tognana e Max De Antoni ha fatto da apripista su una Renault Alpine A110. I due hanno vinto il Campionato Italiano Rally nel 1982 con la Lancia. Ora la Mitteleuropea Race guarda gi\u00e0 avanti, all\u2019edizione del 2019, sempre pi\u00f9 proiettata a farsi conoscere sulla ribalta internazionale.<\/p>\n","protected":false},"excerpt":{"rendered":"","protected":false},"author":10,"featured_media":6711,"comment_status":"open","ping_status":"closed","sticky":false,"template":"","format":"standard","meta":[],"categories":[10],"tags":[],"news-destination":[],"news-source":[],"is_homepage":[],"ta_other":[],"_links":{"self":[{"href":"https:\/\/www.ilmercoledi.news\/ilmercoledi\/news\/wp-json\/wp\/v2\/posts\/6710"}],"collection":[{"href":"https:\/\/www.ilmercoledi.news\/ilmercoledi\/news\/wp-json\/wp\/v2\/posts"}],"about":[{"href":"https:\/\/www.ilmercoledi.news\/ilmercoledi\/news\/wp-json\/wp\/v2\/types\/post"}],"author":[{"embeddable":true,"href":"https:\/\/www.ilmercoledi.news\/ilmercoledi\/news\/wp-json\/wp\/v2\/users\/10"}],"replies":[{"embeddable":true,"href":"https:\/\/www.ilmercoledi.news\/ilmercoledi\/news\/wp-json\/wp\/v2\/comments?post=6710"}],"version-history":[{"count":1,"href":"https:\/\/www.ilmercoledi.news\/ilmercoledi\/news\/wp-json\/wp\/v2\/posts\/6710\/revisions"}],"predecessor-version":[{"id":6712,"href":"https:\/\/www.ilmercoledi.news\/ilmercoledi\/news\/wp-json\/wp\/v2\/posts\/6710\/revisions\/6712"}],"wp:featuredmedia":[{"embeddable":true,"href":"https:\/\/www.ilmercoledi.news\/ilmercoledi\/news\/wp-json\/wp\/v2\/media\/6711"}],"wp:attachment":[{"href":"https:\/\/www.ilmercoledi.news\/ilmercoledi\/news\/wp-json\/wp\/v2\/media?parent=6710"}],"wp:term":[{"taxonomy":"category","embeddable":true,"href":"https:\/\/www.ilmercoledi.news\/ilmercoledi\/news\/wp-json\/wp\/v2\/categories?post=6710"},{"taxonomy":"post_tag","embeddable":true,"href":"https:\/\/www.ilmercoledi.news\/ilmercoledi\/news\/wp-json\/wp\/v2\/tags?post=6710"},{"taxonomy":"news-destination","embeddable":true,"href":"https:\/\/www.ilmercoledi.news\/ilmercoledi\/news\/wp-json\/wp\/v2\/news-destination?post=6710"},{"taxonomy":"news-source","embeddable":true,"href":"https:\/\/www.ilmercoledi.news\/ilmercoledi\/news\/wp-json\/wp\/v2\/news-source?post=6710"},{"taxonomy":"is_homepage","embeddable":true,"href":"https:\/\/www.ilmercoledi.news\/ilmercoledi\/news\/wp-json\/wp\/v2\/is_homepage?post=6710"},{"taxonomy":"ta_other","embeddable":true,"href":"https:\/\/www.ilmercoledi.news\/ilmercoledi\/news\/wp-json\/wp\/v2\/ta_other?post=6710"}],"curies":[{"name":"wp","href":"https:\/\/api.w.org\/{rel}","templated":true}]}}