{"id":6852,"date":"2018-06-08T15:17:06","date_gmt":"2018-06-08T13:17:06","guid":{"rendered":"http:\/\/euwps02.tecnavia.com\/ilmercoledi\/news\/?p=6852"},"modified":"2018-06-08T15:18:08","modified_gmt":"2018-06-08T13:18:08","slug":"rally-carmagnola-al-lavoro-uno-storico-ritorno","status":"publish","type":"post","link":"https:\/\/www.ilmercoledi.news\/2018\/06\/08\/rally-carmagnola-al-lavoro-uno-storico-ritorno\/","title":{"rendered":"Rally di Carmagnola: al lavoro per uno storico ritorno"},"content":{"rendered":"<p>CARMAGNOLA &#8211; A dieci anni dall\u2019ultima volta, torna il rally di Carmagnola, eccezionalmente in versione storica. La data \u00e8 a questo punto definitiva: venerd\u00ec 31 agosto e sabato 1 settembre, in concomitanza con la Festa nazionale del peperone, con una decina di giorni dedicati al saporito ortaggio.<\/p>\n<p>L\u2019organizzazione &#8211; la Sport Rally Team guidata da Piero Capello &#8211; ha deciso di riproporre una gara mai tramontata nel cuore degli appassionati, una indimenticata festa dei motori la cui ultima edizione ebbe luogo nel giugno 2008: la ventisettesima, vinta dai coniugi vercellesi Tiziano Borsa e Carla Berra su Peugeot 207 Super 2000, addirittura per la quinta volta in carriera.<\/p>\n<p>La prima edizione fu invece nel maggio 1982, con alloro finale di Menes-Cianci, su Ferrari 308 GTB.<\/p>\n<p>Per molti anni effettuata in notturna, una competizione di grande seguito, che in qualche modo ha \u201cfatto\u201d la storia dei rally in Piemonte, e che torna dunque in questo 2018 con valenza storica.<\/p>\n<p>Il &#8220;rally di Carmagnola\u201d, suddiviso agonisticamente in storico e regolarit\u00e0 sport, si svolger\u00e0 sulle stesse strade del \u201cCarmagnola\u201d anni 80 e 90. Quattro le prove speciali, tutte da ripetere una volta: due in provincia di Cuneo, Ceresole e Monteu Roero (che ospiter\u00e0 un riordino), e due nel Torinese, Pralormo e Poirino (qui un secondo riordino).<\/p>\n<p>Percorso globale di circa 170 km, di cui poco meno della met\u00e0 cronometrati.<\/p>\n<p>A Carmagnola, pedana di partenza e arrivo dislocata in piazza Italia (lato via Gobetti), come un tempo. Via al primo concorrente alle 8,30 di sabato 1\u00b0 settembre, arrivi dalle 17 in poi.<\/p>\n<p>Iscrizioni dall\u20191 al 27 agosto<strong>. <\/strong>I preliminari scatteranno domenica 26 agosto, quando inizier\u00e0 la consegna dei road-book ai concorrenti e si svolger\u00e0 la prima delle due sessioni di ricognizioni autorizzate (ore 9-16; la seconda venerd\u00ec 31 agosto ore 9-15). Le verifiche tecniche e sportive pre gara si svolgeranno in piazza Italia alla vigilia, fra le 17 e le 20,30 di venerd\u00ec 31 agosto.<\/p>\n<p>In rifinitura, adesso, gli ultimi dettagli per rendere indimenticabile la ricorrenza.<\/p>\n<p>Storico organizzatore di rally in Piemonte, patron Piero Capello, archiviato con successo il 24\u00b0 Valli Cuneesi (27-28 aprile), in procinto di coadiuvare il Moscato (21-22 luglio), si emoziona all\u2019idea del \u201cgrande ritorno\u201d della sua primissima creatura, in origine una gara podistica che vir\u00f2 poi in evento motoristico: \u201c\u201cIl desiderio di far rivivere la gara non si \u00e8 mai spento \u2013 ammette il carmagnolese Capello &#8211; e sulla spinta di moltissime persone, che da tempo premono per poter riavere il rally in citt\u00e0, dopo molti ragionamenti abbiamo deciso di ritentare l\u2019avventura. Per quest\u2019anno con le storiche\u201d.\u00a0 Complice la Festa del peperone (edizione n.69, dal 31 agosto al 9 settembre 2018), una delle pi\u00f9 grandi manifestazioni dedicata, in Italia, a un singolo prodotto agricolo, con una girandola di iniziative in cui sar\u00e0 incastonato il rally.<\/p>\n","protected":false},"excerpt":{"rendered":"","protected":false},"author":10,"featured_media":6853,"comment_status":"open","ping_status":"closed","sticky":false,"template":"","format":"standard","meta":[],"categories":[10],"tags":[],"news-destination":[],"news-source":[],"is_homepage":[],"ta_other":[],"_links":{"self":[{"href":"https:\/\/www.ilmercoledi.news\/ilmercoledi\/news\/wp-json\/wp\/v2\/posts\/6852"}],"collection":[{"href":"https:\/\/www.ilmercoledi.news\/ilmercoledi\/news\/wp-json\/wp\/v2\/posts"}],"about":[{"href":"https:\/\/www.ilmercoledi.news\/ilmercoledi\/news\/wp-json\/wp\/v2\/types\/post"}],"author":[{"embeddable":true,"href":"https:\/\/www.ilmercoledi.news\/ilmercoledi\/news\/wp-json\/wp\/v2\/users\/10"}],"replies":[{"embeddable":true,"href":"https:\/\/www.ilmercoledi.news\/ilmercoledi\/news\/wp-json\/wp\/v2\/comments?post=6852"}],"version-history":[{"count":1,"href":"https:\/\/www.ilmercoledi.news\/ilmercoledi\/news\/wp-json\/wp\/v2\/posts\/6852\/revisions"}],"predecessor-version":[{"id":6854,"href":"https:\/\/www.ilmercoledi.news\/ilmercoledi\/news\/wp-json\/wp\/v2\/posts\/6852\/revisions\/6854"}],"wp:featuredmedia":[{"embeddable":true,"href":"https:\/\/www.ilmercoledi.news\/ilmercoledi\/news\/wp-json\/wp\/v2\/media\/6853"}],"wp:attachment":[{"href":"https:\/\/www.ilmercoledi.news\/ilmercoledi\/news\/wp-json\/wp\/v2\/media?parent=6852"}],"wp:term":[{"taxonomy":"category","embeddable":true,"href":"https:\/\/www.ilmercoledi.news\/ilmercoledi\/news\/wp-json\/wp\/v2\/categories?post=6852"},{"taxonomy":"post_tag","embeddable":true,"href":"https:\/\/www.ilmercoledi.news\/ilmercoledi\/news\/wp-json\/wp\/v2\/tags?post=6852"},{"taxonomy":"news-destination","embeddable":true,"href":"https:\/\/www.ilmercoledi.news\/ilmercoledi\/news\/wp-json\/wp\/v2\/news-destination?post=6852"},{"taxonomy":"news-source","embeddable":true,"href":"https:\/\/www.ilmercoledi.news\/ilmercoledi\/news\/wp-json\/wp\/v2\/news-source?post=6852"},{"taxonomy":"is_homepage","embeddable":true,"href":"https:\/\/www.ilmercoledi.news\/ilmercoledi\/news\/wp-json\/wp\/v2\/is_homepage?post=6852"},{"taxonomy":"ta_other","embeddable":true,"href":"https:\/\/www.ilmercoledi.news\/ilmercoledi\/news\/wp-json\/wp\/v2\/ta_other?post=6852"}],"curies":[{"name":"wp","href":"https:\/\/api.w.org\/{rel}","templated":true}]}}