{"id":689,"date":"2017-12-28T08:07:22","date_gmt":"2017-12-28T07:07:22","guid":{"rendered":"http:\/\/euwps02.tecnavia.com\/ilmercoledi\/news\/?p=689"},"modified":"2018-02-08T07:58:37","modified_gmt":"2018-02-08T06:58:37","slug":"la-loggia-camion-carico-caffe-fuoco-la-notte","status":"publish","type":"post","link":"https:\/\/www.ilmercoledi.news\/2017\/12\/28\/la-loggia-camion-carico-caffe-fuoco-la-notte\/","title":{"rendered":"LA LOGGIA &#8211; Camion carico di caff\u00e8 a fuoco durante la notte"},"content":{"rendered":"<p>Era parcheggiato a bordo della ex strada regionale 20, tra La Loggia e Carignano il camion carico di caff\u00e8 che nella notte tra il 27 e il 28 dicembre \u00e8 andato a fuoco. Le fiamme, altissime, hanno attirato l&#8217;attenzione degli automobilisti di passaggio che hanno immediatamente chiamato i vigili del fuoco e i carabinieri. Il problema maggiore l&#8217;ha dato il carico, che si \u00e8 rovesciato sulla carreggiata invadendo le corsie e, di fatto, bloccando la circolazione. L&#8217;incendio si \u00e8 sviluppato intorno alle 2 e la strada \u00e8 rimasta impercorribile per circa tre ore. Dopo la riapertura, si sono formate lunghe code in entrambe le direzioni. Le fiamme sono state spente nel giro di un&#8217;ora e fortunatamente non si sono registrati feriti. Le indagini dovranno stabilire se il mezzo fosse o meno rubato e le cause del rogo.<\/p>\n","protected":false},"excerpt":{"rendered":"","protected":false},"author":11,"featured_media":690,"comment_status":"open","ping_status":"closed","sticky":false,"template":"","format":"standard","meta":[],"categories":[8],"tags":[],"news-destination":[],"news-source":[],"is_homepage":[],"ta_other":[],"_links":{"self":[{"href":"https:\/\/www.ilmercoledi.news\/ilmercoledi\/news\/wp-json\/wp\/v2\/posts\/689"}],"collection":[{"href":"https:\/\/www.ilmercoledi.news\/ilmercoledi\/news\/wp-json\/wp\/v2\/posts"}],"about":[{"href":"https:\/\/www.ilmercoledi.news\/ilmercoledi\/news\/wp-json\/wp\/v2\/types\/post"}],"author":[{"embeddable":true,"href":"https:\/\/www.ilmercoledi.news\/ilmercoledi\/news\/wp-json\/wp\/v2\/users\/11"}],"replies":[{"embeddable":true,"href":"https:\/\/www.ilmercoledi.news\/ilmercoledi\/news\/wp-json\/wp\/v2\/comments?post=689"}],"version-history":[{"count":1,"href":"https:\/\/www.ilmercoledi.news\/ilmercoledi\/news\/wp-json\/wp\/v2\/posts\/689\/revisions"}],"predecessor-version":[{"id":691,"href":"https:\/\/www.ilmercoledi.news\/ilmercoledi\/news\/wp-json\/wp\/v2\/posts\/689\/revisions\/691"}],"wp:featuredmedia":[{"embeddable":true,"href":"https:\/\/www.ilmercoledi.news\/ilmercoledi\/news\/wp-json\/wp\/v2\/media\/690"}],"wp:attachment":[{"href":"https:\/\/www.ilmercoledi.news\/ilmercoledi\/news\/wp-json\/wp\/v2\/media?parent=689"}],"wp:term":[{"taxonomy":"category","embeddable":true,"href":"https:\/\/www.ilmercoledi.news\/ilmercoledi\/news\/wp-json\/wp\/v2\/categories?post=689"},{"taxonomy":"post_tag","embeddable":true,"href":"https:\/\/www.ilmercoledi.news\/ilmercoledi\/news\/wp-json\/wp\/v2\/tags?post=689"},{"taxonomy":"news-destination","embeddable":true,"href":"https:\/\/www.ilmercoledi.news\/ilmercoledi\/news\/wp-json\/wp\/v2\/news-destination?post=689"},{"taxonomy":"news-source","embeddable":true,"href":"https:\/\/www.ilmercoledi.news\/ilmercoledi\/news\/wp-json\/wp\/v2\/news-source?post=689"},{"taxonomy":"is_homepage","embeddable":true,"href":"https:\/\/www.ilmercoledi.news\/ilmercoledi\/news\/wp-json\/wp\/v2\/is_homepage?post=689"},{"taxonomy":"ta_other","embeddable":true,"href":"https:\/\/www.ilmercoledi.news\/ilmercoledi\/news\/wp-json\/wp\/v2\/ta_other?post=689"}],"curies":[{"name":"wp","href":"https:\/\/api.w.org\/{rel}","templated":true}]}}