{"id":6934,"date":"2018-06-11T15:11:49","date_gmt":"2018-06-11T13:11:49","guid":{"rendered":"http:\/\/euwps02.tecnavia.com\/ilmercoledi\/news\/?p=6934"},"modified":"2018-06-11T15:11:51","modified_gmt":"2018-06-11T13:11:51","slug":"letti-notte-ritorna-stupire-carmagnola-dal-12-al-16-giugno","status":"publish","type":"post","link":"https:\/\/www.ilmercoledi.news\/2018\/06\/11\/letti-notte-ritorna-stupire-carmagnola-dal-12-al-16-giugno\/","title":{"rendered":"&#8220;Letti di Notte&#8221; ritorna per stupire. A Carmagnola, dal 12 al 16 giugno"},"content":{"rendered":"<p>Da marted\u00ec 12 a sabato 16 giugno torna, per il terzo anno consecutivo, l\u2019atteso appuntamento con \u201cLetti di Notte\u201d: un vero e proprio festival letterario a Carmagnola, con gli scrittori e i giornalisti pi\u00f9 amati dal pubblico. L\u2019iniziativa quest\u2019anno entra nel pieno del programma degli eventi per il Mese della Cultura organizzato dall\u2019Assessorato alla Cultura del Comune. Il festival sar\u00e0 proposto quest\u2019anno nella nuova location del cortile di Cascina Vigna, in via San Francesco da Paola 188. Lo splendido parco sar\u00e0 la cornice ideale per far incontrare pubblico e autori, che saranno disponibili per firmacopie e domande. Commenta l\u2019Assessore alla Cultura, Alessandro Cammarata: \u201cLetti di Notte entra a pieno titolo, quest\u2019anno, nel programma di Giugno, Mese della Cultura. Il festival \u00e8 coorganizzato e sostenuto, anche economicamente, dal Comune poich\u00e9 crediamo nel valore di un\u2019iniziativa che porta sul territorio autori di livello e li avvicina al pubblico locale. La nuova location, Cascina Vigna, creer\u00e0 una perfetta cornice agli incontri con i grandi autori e sar\u00e0 a sua volta valorizzata dal Festivale. Ci auguriamo che il successo dello scorso anno possa ripetersi e ancora incrementare i numeri del pubblico partecipante\u201d.<\/p>\n<p>Il programma degli incontri: &#8211; marted\u00ec 12 giugno, ore 21: Beppe Gandolfo, giornalista Mediaset, intervista Sveva Casati Modignani. L\u2019autrice presenta il volume \u201cFesta di famiglia\u201d, un romanzo fresco e brillance in cui si rispecchiano le donne di oggi, con i loro sogni e fragilit\u00e0, ambizioni e quesiti. L\u2019autrice \u00e8 una delle firme pi\u00f9 amate della narrativa contemporanea, con romanzi tradotti in venti Paesi. &#8211;<\/p>\n<p>mercoled\u00ec 13 giugno, ore 21: Pierpaolo Boschero, direttore del Corriere di Carmagnola intervista Gianluigi Nuzzi. L\u2019autore presenta il volume \u201cPeccato Originale\u201d che guida i lettori lungo i fili che collegano e spiegano la fitta trama di scandali che hanno coinvolto il Vaticano da pontificato di Paolo VI ad oggi. Nuzzi \u00e8 autore di diverse inchieste, focalizzate sul Vaticano ed \u00e8 ideatore e conduttore di diversi programmi televisivi sui grandi casi di cronaca, come \u201cQuarto Grado\u201d.<\/p>\n<p>gioved\u00ec 14 giugno, ore 21: Pierpaolo Boschero, direttore del Corriere di Carmagnola intervista Andrea Vitali, che presenta il libro \u201cNome d\u2019arte Doris Brilli\u201d. Il pluripremiato autore presenter\u00e0 il suo ultimo volume, che svela gli esordi alla casema di Bellano del Maresciallo Ernesto Maccad\u00f2, uno dei suoi personaggi pi\u00f9 amati dal pubblico dei lettori.<\/p>\n<p>Venerd\u00ec 15 giugno, ore 21: Salvatore Striano ha passato tre anni in carcere in Spagna e cinque a Rebibbia. In carcere, l\u2019incontro con Fabio Cavalli e la scoperta dei libri e della letteratura lo salvano, dando una svolta alla sua vita. Striano diventa uno degli attori italiani pi\u00f9 famosi, lavorando per la televisione e per il cinema. Nei volumi \u201cLa tempesta di Sas\u00e0\u201d e \u201cTeste Matte\u201d Striano racconta la propria storia, dalla vita di camorrista alla scoperta dei libri e del potere della parola e della lettura, che possono cambiare la vita.<\/p>\n<p>Sabato 16 giugno, ore 21: Lella Costa presenta il volume \u201cLa Sindrome di Gertrude\u201d, una \u201cquasi-autobiografia\u201d a cuore aperto sulla propria storia personale: un viaggio ironico e divertente attraverso aneddoti e ricordi di una delle attrici italiane pi\u00f9 amate. Tutti gli incontri saranno ad ingresso gratuito. In caso di maltempo gli appuntamenti si terranno all\u2019interno della Trattoria di Cascina Vigna.<\/p>\n<p>Per i bambini \u00e8 disponibile, tutte le sere, dalle ore 21,00 un servizio di animazione a cura dell\u2019Associazione MuseInsieme: visita alle collezioni del Mus.Ca \u2013 Museo Civico di Storia Naturale di Carmagnola, accompagnata dalle letture animate delle pi\u00f9 belle favole di Fedro, Esopo e La Fontaine per riflettere sul ruolo e la simbologia degli animali nelle storie antiche. Ogni sera sar\u00e0 inoltre disponibile servizio ristorante e bar.<\/p>\n","protected":false},"excerpt":{"rendered":"","protected":false},"author":11,"featured_media":6935,"comment_status":"open","ping_status":"closed","sticky":false,"template":"","format":"standard","meta":[],"categories":[9],"tags":[],"news-destination":[],"news-source":[],"is_homepage":[],"ta_other":[],"_links":{"self":[{"href":"https:\/\/www.ilmercoledi.news\/ilmercoledi\/news\/wp-json\/wp\/v2\/posts\/6934"}],"collection":[{"href":"https:\/\/www.ilmercoledi.news\/ilmercoledi\/news\/wp-json\/wp\/v2\/posts"}],"about":[{"href":"https:\/\/www.ilmercoledi.news\/ilmercoledi\/news\/wp-json\/wp\/v2\/types\/post"}],"author":[{"embeddable":true,"href":"https:\/\/www.ilmercoledi.news\/ilmercoledi\/news\/wp-json\/wp\/v2\/users\/11"}],"replies":[{"embeddable":true,"href":"https:\/\/www.ilmercoledi.news\/ilmercoledi\/news\/wp-json\/wp\/v2\/comments?post=6934"}],"version-history":[{"count":1,"href":"https:\/\/www.ilmercoledi.news\/ilmercoledi\/news\/wp-json\/wp\/v2\/posts\/6934\/revisions"}],"predecessor-version":[{"id":6936,"href":"https:\/\/www.ilmercoledi.news\/ilmercoledi\/news\/wp-json\/wp\/v2\/posts\/6934\/revisions\/6936"}],"wp:featuredmedia":[{"embeddable":true,"href":"https:\/\/www.ilmercoledi.news\/ilmercoledi\/news\/wp-json\/wp\/v2\/media\/6935"}],"wp:attachment":[{"href":"https:\/\/www.ilmercoledi.news\/ilmercoledi\/news\/wp-json\/wp\/v2\/media?parent=6934"}],"wp:term":[{"taxonomy":"category","embeddable":true,"href":"https:\/\/www.ilmercoledi.news\/ilmercoledi\/news\/wp-json\/wp\/v2\/categories?post=6934"},{"taxonomy":"post_tag","embeddable":true,"href":"https:\/\/www.ilmercoledi.news\/ilmercoledi\/news\/wp-json\/wp\/v2\/tags?post=6934"},{"taxonomy":"news-destination","embeddable":true,"href":"https:\/\/www.ilmercoledi.news\/ilmercoledi\/news\/wp-json\/wp\/v2\/news-destination?post=6934"},{"taxonomy":"news-source","embeddable":true,"href":"https:\/\/www.ilmercoledi.news\/ilmercoledi\/news\/wp-json\/wp\/v2\/news-source?post=6934"},{"taxonomy":"is_homepage","embeddable":true,"href":"https:\/\/www.ilmercoledi.news\/ilmercoledi\/news\/wp-json\/wp\/v2\/is_homepage?post=6934"},{"taxonomy":"ta_other","embeddable":true,"href":"https:\/\/www.ilmercoledi.news\/ilmercoledi\/news\/wp-json\/wp\/v2\/ta_other?post=6934"}],"curies":[{"name":"wp","href":"https:\/\/api.w.org\/{rel}","templated":true}]}}