{"id":69496,"date":"2024-09-10T15:00:45","date_gmt":"2024-09-10T13:00:45","guid":{"rendered":"https:\/\/euwps06.newsmemory.com\/ilmercoledi\/news\/?p=69496"},"modified":"2024-09-10T15:00:48","modified_gmt":"2023-11-15T15:00:48","slug":"cambiano-laugurio-del-sindaco-vergnano-studenti-e-docenti-per-il-nuovo-anno-scolastico","status":"publish","type":"post","link":"https:\/\/www.ilmercoledi.news\/2024\/09\/10\/cambiano-laugurio-del-sindaco-vergnano-studenti-e-docenti-per-il-nuovo-anno-scolastico\/","title":{"rendered":"CAMBIANO &#8211; L&#8217;augurio del sindaco Vergnano a studenti e docenti per il nuovo anno scolastico"},"content":{"rendered":"<p>Inizia il nuovo anno scolastico e il sindaco Carlo Vergnano, con l&#8217;assessore all&#8217;istruzione di Cambiano Aurora Grassi, hanno voluto diffondere un messaggio di buon augurio a tutti gli studenti, docenti e famiglie: &#8220;Per il nuovo anno giunga il mio pieno sostegno alla Dirigente scolastica, agli educatori, a tutti i docenti che con competenza e passione accompagnano i nostri studenti nel loro percorso di crescita ed al personale ATA. A voi, cari studenti, va tutto il mio supporto. Vi auguro un anno da vivere in serenit\u00e0, appassionante, che vi invogli ad apprendere, a conoscere, nel quale vi porrete domande e scoprirete risposte, ma anche a divertirvi\u2026 perch\u00e9 la scuola \u00e8 anche il luogo nel quale stringerete amicizie, sognerete e potrete realizzare sogni.\u00a0Se vorrete incontrarmi in qualunque momento, sar\u00f2 sempre a vostra disposizione. Un pensiero a tutte le famiglie, in particolare a quelle dei bambini che iniziano il loro percorso scolastico, alle quali auguro di collaborare serenamente con i docenti affinch\u00e9 la scuola rappresenti il luogo in cui, oltre alla didattica, si imparino il rispetto ed i valori di solidariet\u00e0 e condivisione nel pieno rispetto dei ruoli. Sar\u00e0 un anno \u201cstorico\u201d, per gli alunni frequentanti le classi 5\u00aa della Scuola Primaria e le classi 1\u00aa e 2\u00aa della Scuola secondaria di primo grado: voi, futuri uomini e donne, sarete chiamati per la prima volta a votare i rappresentanti nel Consiglio Comunale dei Ragazzi, ad eleggere un Sindaco e a partecipare attivamente al cambiamento del paese, a dialogare direttamente con l\u2019Amministrazione Comunale portando il vostro prezioso punto di vista, ma anche i vostri bisogni. Attraverso i vostri occhi noi adulti proveremo a tornare un po\u2019 ragazzi e cercheremo di trovare il giusto equilibrio per dimostrarvi quanto ogni vostra idea sia importante. Tutti insieme, passo dopo passo, state costruendo il futuro&#8221;.<\/p>\n","protected":false},"excerpt":{"rendered":"","protected":false},"author":11,"featured_media":39647,"comment_status":"open","ping_status":"closed","sticky":false,"template":"","format":"standard","meta":[],"categories":[34],"tags":[],"news-destination":[],"news-source":[],"is_homepage":[581],"ta_other":[],"_links":{"self":[{"href":"https:\/\/www.ilmercoledi.news\/ilmercoledi\/news\/wp-json\/wp\/v2\/posts\/69496"}],"collection":[{"href":"https:\/\/www.ilmercoledi.news\/ilmercoledi\/news\/wp-json\/wp\/v2\/posts"}],"about":[{"href":"https:\/\/www.ilmercoledi.news\/ilmercoledi\/news\/wp-json\/wp\/v2\/types\/post"}],"author":[{"embeddable":true,"href":"https:\/\/www.ilmercoledi.news\/ilmercoledi\/news\/wp-json\/wp\/v2\/users\/11"}],"replies":[{"embeddable":true,"href":"https:\/\/www.ilmercoledi.news\/ilmercoledi\/news\/wp-json\/wp\/v2\/comments?post=69496"}],"version-history":[{"count":0,"href":"https:\/\/www.ilmercoledi.news\/ilmercoledi\/news\/wp-json\/wp\/v2\/posts\/69496\/revisions"}],"wp:featuredmedia":[{"embeddable":true,"href":"https:\/\/www.ilmercoledi.news\/ilmercoledi\/news\/wp-json\/wp\/v2\/media\/39647"}],"wp:attachment":[{"href":"https:\/\/www.ilmercoledi.news\/ilmercoledi\/news\/wp-json\/wp\/v2\/media?parent=69496"}],"wp:term":[{"taxonomy":"category","embeddable":true,"href":"https:\/\/www.ilmercoledi.news\/ilmercoledi\/news\/wp-json\/wp\/v2\/categories?post=69496"},{"taxonomy":"post_tag","embeddable":true,"href":"https:\/\/www.ilmercoledi.news\/ilmercoledi\/news\/wp-json\/wp\/v2\/tags?post=69496"},{"taxonomy":"news-destination","embeddable":true,"href":"https:\/\/www.ilmercoledi.news\/ilmercoledi\/news\/wp-json\/wp\/v2\/news-destination?post=69496"},{"taxonomy":"news-source","embeddable":true,"href":"https:\/\/www.ilmercoledi.news\/ilmercoledi\/news\/wp-json\/wp\/v2\/news-source?post=69496"},{"taxonomy":"is_homepage","embeddable":true,"href":"https:\/\/www.ilmercoledi.news\/ilmercoledi\/news\/wp-json\/wp\/v2\/is_homepage?post=69496"},{"taxonomy":"ta_other","embeddable":true,"href":"https:\/\/www.ilmercoledi.news\/ilmercoledi\/news\/wp-json\/wp\/v2\/ta_other?post=69496"}],"curies":[{"name":"wp","href":"https:\/\/api.w.org\/{rel}","templated":true}]}}