{"id":69517,"date":"2024-09-11T14:12:41","date_gmt":"2024-09-11T12:12:41","guid":{"rendered":"https:\/\/euwps06.newsmemory.com\/ilmercoledi\/news\/?p=69517"},"modified":"2024-09-11T14:12:43","modified_gmt":"2023-11-16T14:12:43","slug":"moncalieri-guerre-senza-ragioni-al-centro-culturale-san-francesco-del-carlo-alberto","status":"publish","type":"post","link":"https:\/\/www.ilmercoledi.news\/2024\/09\/11\/moncalieri-guerre-senza-ragioni-al-centro-culturale-san-francesco-del-carlo-alberto\/","title":{"rendered":"MONCALIERI &#8211; &#8216;Guerre senza ragioni&#8217;, al Centro Culturale San Francesco del Carlo Alberto"},"content":{"rendered":"<p>Guerre senza ragioni?\u00bb. E\u2019 un titolo che guarda all\u2019attualit\u00e0 l\u2019incontro organizzato dal Centro Culturale San Francesco del Carlo Alberto in programma venerd\u00ec 13 settembre alle ore 21 presso il Real Collegio Carlo Alberto, Sala Zaccaria, via Real Collegio 28. Lo sviluppo di antichi conflitti dall\u2019Ucraina al Medio Oriente circonda il Mediterraneo e divide l\u2019Europa: \u00e8 partendo da questa riflessione che si confronteranno il Prof. Rocco Buttiglione, gi\u00e0 segretario del Ppi e del Cdu, \u00e8 stato ministro per due volte e parlamentare europeo, e il Prof. Aldo Rizza, storico della filosofia. Modera Giancarlo Chiapello, presidente del centro culturale.<\/p>\n","protected":false},"excerpt":{"rendered":"","protected":false},"author":11,"featured_media":51584,"comment_status":"open","ping_status":"closed","sticky":false,"template":"","format":"standard","meta":[],"categories":[34],"tags":[],"news-destination":[],"news-source":[],"is_homepage":[581],"ta_other":[],"_links":{"self":[{"href":"https:\/\/www.ilmercoledi.news\/ilmercoledi\/news\/wp-json\/wp\/v2\/posts\/69517"}],"collection":[{"href":"https:\/\/www.ilmercoledi.news\/ilmercoledi\/news\/wp-json\/wp\/v2\/posts"}],"about":[{"href":"https:\/\/www.ilmercoledi.news\/ilmercoledi\/news\/wp-json\/wp\/v2\/types\/post"}],"author":[{"embeddable":true,"href":"https:\/\/www.ilmercoledi.news\/ilmercoledi\/news\/wp-json\/wp\/v2\/users\/11"}],"replies":[{"embeddable":true,"href":"https:\/\/www.ilmercoledi.news\/ilmercoledi\/news\/wp-json\/wp\/v2\/comments?post=69517"}],"version-history":[{"count":0,"href":"https:\/\/www.ilmercoledi.news\/ilmercoledi\/news\/wp-json\/wp\/v2\/posts\/69517\/revisions"}],"wp:featuredmedia":[{"embeddable":true,"href":"https:\/\/www.ilmercoledi.news\/ilmercoledi\/news\/wp-json\/wp\/v2\/media\/51584"}],"wp:attachment":[{"href":"https:\/\/www.ilmercoledi.news\/ilmercoledi\/news\/wp-json\/wp\/v2\/media?parent=69517"}],"wp:term":[{"taxonomy":"category","embeddable":true,"href":"https:\/\/www.ilmercoledi.news\/ilmercoledi\/news\/wp-json\/wp\/v2\/categories?post=69517"},{"taxonomy":"post_tag","embeddable":true,"href":"https:\/\/www.ilmercoledi.news\/ilmercoledi\/news\/wp-json\/wp\/v2\/tags?post=69517"},{"taxonomy":"news-destination","embeddable":true,"href":"https:\/\/www.ilmercoledi.news\/ilmercoledi\/news\/wp-json\/wp\/v2\/news-destination?post=69517"},{"taxonomy":"news-source","embeddable":true,"href":"https:\/\/www.ilmercoledi.news\/ilmercoledi\/news\/wp-json\/wp\/v2\/news-source?post=69517"},{"taxonomy":"is_homepage","embeddable":true,"href":"https:\/\/www.ilmercoledi.news\/ilmercoledi\/news\/wp-json\/wp\/v2\/is_homepage?post=69517"},{"taxonomy":"ta_other","embeddable":true,"href":"https:\/\/www.ilmercoledi.news\/ilmercoledi\/news\/wp-json\/wp\/v2\/ta_other?post=69517"}],"curies":[{"name":"wp","href":"https:\/\/api.w.org\/{rel}","templated":true}]}}