{"id":69552,"date":"2024-09-13T19:09:09","date_gmt":"2024-09-13T17:09:09","guid":{"rendered":"https:\/\/euwps06.newsmemory.com\/ilmercoledi\/news\/?p=69552"},"modified":"2024-09-13T19:09:11","modified_gmt":"2023-11-18T19:09:11","slug":"citta-metropolitana-per-la-settimana-della-mobilita-ecco-il-progetto-amici","status":"publish","type":"post","link":"https:\/\/www.ilmercoledi.news\/2024\/09\/13\/citta-metropolitana-per-la-settimana-della-mobilita-ecco-il-progetto-amici\/","title":{"rendered":"CITTA&#8217; METROPOLITANA &#8211; Per la settimana della mobilit\u00e0 ecco il progetto AMICI"},"content":{"rendered":"<p>Nell&#8217;ambito delle iniziative per la Settimana europea della mobilit\u00e0, la Citt\u00e0 metropolitana di Torino ha organizzato l&#8217;incontro di presentazione del progetto europeo A.M.I.C.I. Azioni di Mobilit\u00e0 Innovativa, Cooperativa e Integrata per marted\u00ec 17 settembre nella sede di corso Inghilterra 7 a Torino.<\/p>\n<p>&nbsp;<\/p>\n<p>Si tratta di un progetto transfrontaliero Alcotra Italia-Francia per contribuire a sostenere la cultura della mobilit\u00e0 sostenibile, sperimentando servizi per il trasporto di persone e merci: i partner italiani e francesi (Citt\u00e0 metropolitana di Torino, Unione Montana Val Susa, Syndicat Mixte de l&#8217;Avant Pays Savoyard, Communaut\u00e9 d&#8217;Agglom\u00e9ration d&#8217;Arlys\u00e8re) collaborano ad azioni transfrontaliere su due linee d&#8217;intervento principali:<\/p>\n<p>&nbsp;<\/p>\n<p>-sensibilizzare e mostrare altre possibili forme di mobilit\u00e0 alle amministrazioni, alle scuole e alle imprese dei territori interessati, per stimolare cittadini, studenti, lavoratori ad adottare forme di mobilit\u00e0 sostenibile con azioni di educazione e formazione, scambi di buone pratiche, visite di studio e tavoli di lavoro locali e transfrontalieri;<\/p>\n<p>&nbsp;<\/p>\n<p>-sperimentare forme di mobilit\u00e0 sostenibile basate sul concetto di \u201cmobilit\u00e0 as-a-service\u201d (MaaS), attraverso la creazione di una rete di infrastrutture come stazioni ciclabili all&#8217;incrocio di diversi mezzi di trasporto e fermate di carpooling su strade trafficate, mostrando possibili alternative all&#8217;uso quotidiano dell&#8217;auto privata e nuovi modelli di mobilit\u00e0 sostenibile, compresa la logistica urbana a emissioni zero.<\/p>\n<p>&nbsp;<\/p>\n<p>Al mattino la presentazione del progetto si potr\u00e0 seguire anche via webinar, mentre al pomeriggio i due workshop di approfondimento si terranno esclusivamente in presenza.<\/p>\n<p>&nbsp;<\/p>\n","protected":false},"excerpt":{"rendered":"","protected":false},"author":11,"featured_media":10400,"comment_status":"open","ping_status":"closed","sticky":false,"template":"","format":"standard","meta":[],"categories":[34],"tags":[],"news-destination":[],"news-source":[],"is_homepage":[581],"ta_other":[],"_links":{"self":[{"href":"https:\/\/www.ilmercoledi.news\/ilmercoledi\/news\/wp-json\/wp\/v2\/posts\/69552"}],"collection":[{"href":"https:\/\/www.ilmercoledi.news\/ilmercoledi\/news\/wp-json\/wp\/v2\/posts"}],"about":[{"href":"https:\/\/www.ilmercoledi.news\/ilmercoledi\/news\/wp-json\/wp\/v2\/types\/post"}],"author":[{"embeddable":true,"href":"https:\/\/www.ilmercoledi.news\/ilmercoledi\/news\/wp-json\/wp\/v2\/users\/11"}],"replies":[{"embeddable":true,"href":"https:\/\/www.ilmercoledi.news\/ilmercoledi\/news\/wp-json\/wp\/v2\/comments?post=69552"}],"version-history":[{"count":0,"href":"https:\/\/www.ilmercoledi.news\/ilmercoledi\/news\/wp-json\/wp\/v2\/posts\/69552\/revisions"}],"wp:featuredmedia":[{"embeddable":true,"href":"https:\/\/www.ilmercoledi.news\/ilmercoledi\/news\/wp-json\/wp\/v2\/media\/10400"}],"wp:attachment":[{"href":"https:\/\/www.ilmercoledi.news\/ilmercoledi\/news\/wp-json\/wp\/v2\/media?parent=69552"}],"wp:term":[{"taxonomy":"category","embeddable":true,"href":"https:\/\/www.ilmercoledi.news\/ilmercoledi\/news\/wp-json\/wp\/v2\/categories?post=69552"},{"taxonomy":"post_tag","embeddable":true,"href":"https:\/\/www.ilmercoledi.news\/ilmercoledi\/news\/wp-json\/wp\/v2\/tags?post=69552"},{"taxonomy":"news-destination","embeddable":true,"href":"https:\/\/www.ilmercoledi.news\/ilmercoledi\/news\/wp-json\/wp\/v2\/news-destination?post=69552"},{"taxonomy":"news-source","embeddable":true,"href":"https:\/\/www.ilmercoledi.news\/ilmercoledi\/news\/wp-json\/wp\/v2\/news-source?post=69552"},{"taxonomy":"is_homepage","embeddable":true,"href":"https:\/\/www.ilmercoledi.news\/ilmercoledi\/news\/wp-json\/wp\/v2\/is_homepage?post=69552"},{"taxonomy":"ta_other","embeddable":true,"href":"https:\/\/www.ilmercoledi.news\/ilmercoledi\/news\/wp-json\/wp\/v2\/ta_other?post=69552"}],"curies":[{"name":"wp","href":"https:\/\/api.w.org\/{rel}","templated":true}]}}