{"id":69590,"date":"2024-09-17T07:09:41","date_gmt":"2024-09-17T05:09:41","guid":{"rendered":"https:\/\/euwps06.newsmemory.com\/ilmercoledi\/news\/?p=69590"},"modified":"2024-09-17T07:09:42","modified_gmt":"2023-11-22T07:09:42","slug":"nichelino-parcheggia-nel-posto-disabili-senza-permesso-e-insulta-lassessore-che-lo-redarguisce","status":"publish","type":"post","link":"https:\/\/www.ilmercoledi.news\/2024\/09\/17\/nichelino-parcheggia-nel-posto-disabili-senza-permesso-e-insulta-lassessore-che-lo-redarguisce\/","title":{"rendered":"NICHELINO &#8211; Parcheggia nel posto disabili senza permesso e insulta l&#8217;assessore che lo redarguisce"},"content":{"rendered":"<p>Parcheggia nel posto disabili anche se non ne ha diritto, perch\u00e9 deve portare il figlio a scuola, l&#8217;assessore glielo fa notare chiedendo il rispetto di un diritto di civilt\u00e0 ma l&#8217;altro per tutta risposta lo insulta dicendo di farsi i fatti suoi. Succede a Nichelino e la vicenda, che ha coinvolto l&#8217;assessore Fiodor Verzola, sottolinea una volta di pi\u00f9 l&#8217;incivilt\u00e0 di alcune persone. L&#8217;assessore ha voluto rendere pubblico quanto accaduto: &#8220;Il problema di tutto questo \u00e8 che non si tratta di un caso isolato &#8211; dice Verzola -, ma di una consuetudine culturale che vede nell\u2019egoismo, nell\u2019individualismo pi\u00f9 sfrenato e nella sopraffazione del pi\u00f9 debole i punti cardine dell\u2019azione umana di una sempre pi\u00f9 grande e consistente fetta di societ\u00e0. Per limitare questi comportamenti tuttavia non basterebbe neanche una sanzione al giorno da parte della polizia locale, che certo per\u00f2 dovrebbe esserci e con maggiore frequenza. Qui siamo davanti a un decadimento culturale e sociale preoccupante, che porter\u00e0 sempre pi\u00f9 persone a comportarsi in questo modo in assenza di un\u2019alternativa credibile, di modelli comportamentali virtuosi da cui prendere esempio&#8221;.<\/p>\n","protected":false},"excerpt":{"rendered":"","protected":false},"author":11,"featured_media":69589,"comment_status":"open","ping_status":"closed","sticky":false,"template":"","format":"standard","meta":[],"categories":[34],"tags":[],"news-destination":[],"news-source":[],"is_homepage":[581],"ta_other":[],"_links":{"self":[{"href":"https:\/\/www.ilmercoledi.news\/ilmercoledi\/news\/wp-json\/wp\/v2\/posts\/69590"}],"collection":[{"href":"https:\/\/www.ilmercoledi.news\/ilmercoledi\/news\/wp-json\/wp\/v2\/posts"}],"about":[{"href":"https:\/\/www.ilmercoledi.news\/ilmercoledi\/news\/wp-json\/wp\/v2\/types\/post"}],"author":[{"embeddable":true,"href":"https:\/\/www.ilmercoledi.news\/ilmercoledi\/news\/wp-json\/wp\/v2\/users\/11"}],"replies":[{"embeddable":true,"href":"https:\/\/www.ilmercoledi.news\/ilmercoledi\/news\/wp-json\/wp\/v2\/comments?post=69590"}],"version-history":[{"count":0,"href":"https:\/\/www.ilmercoledi.news\/ilmercoledi\/news\/wp-json\/wp\/v2\/posts\/69590\/revisions"}],"wp:featuredmedia":[{"embeddable":true,"href":"https:\/\/www.ilmercoledi.news\/ilmercoledi\/news\/wp-json\/wp\/v2\/media\/69589"}],"wp:attachment":[{"href":"https:\/\/www.ilmercoledi.news\/ilmercoledi\/news\/wp-json\/wp\/v2\/media?parent=69590"}],"wp:term":[{"taxonomy":"category","embeddable":true,"href":"https:\/\/www.ilmercoledi.news\/ilmercoledi\/news\/wp-json\/wp\/v2\/categories?post=69590"},{"taxonomy":"post_tag","embeddable":true,"href":"https:\/\/www.ilmercoledi.news\/ilmercoledi\/news\/wp-json\/wp\/v2\/tags?post=69590"},{"taxonomy":"news-destination","embeddable":true,"href":"https:\/\/www.ilmercoledi.news\/ilmercoledi\/news\/wp-json\/wp\/v2\/news-destination?post=69590"},{"taxonomy":"news-source","embeddable":true,"href":"https:\/\/www.ilmercoledi.news\/ilmercoledi\/news\/wp-json\/wp\/v2\/news-source?post=69590"},{"taxonomy":"is_homepage","embeddable":true,"href":"https:\/\/www.ilmercoledi.news\/ilmercoledi\/news\/wp-json\/wp\/v2\/is_homepage?post=69590"},{"taxonomy":"ta_other","embeddable":true,"href":"https:\/\/www.ilmercoledi.news\/ilmercoledi\/news\/wp-json\/wp\/v2\/ta_other?post=69590"}],"curies":[{"name":"wp","href":"https:\/\/api.w.org\/{rel}","templated":true}]}}