{"id":69733,"date":"2024-09-25T07:47:55","date_gmt":"2024-09-25T05:47:55","guid":{"rendered":"https:\/\/euwps05.newsmemory.com\/ilmercoledi\/news\/?p=69733"},"modified":"2024-09-25T07:48:30","modified_gmt":"2024-09-25T05:48:30","slug":"pecetto-ripartono-le-attivita-serali-della-biblioteca","status":"publish","type":"post","link":"https:\/\/www.ilmercoledi.news\/2024\/09\/25\/pecetto-ripartono-le-attivita-serali-della-biblioteca\/","title":{"rendered":"PECETTO &#8211; Ripartono le attivit\u00e0 serali della biblioteca"},"content":{"rendered":"<p>Ripartono le attivit\u00e0 serali della biblioteca di Pecetto per la stagione 24\/25.Gioved\u00ec 26 settembre alle ore 21, la giornalista e docente <b>Sara Bauducco<\/b>\u00a0ci proporr\u00e0 una serata su &#8220;<i>Arthur Conan Doyle a 165 anni dalla nascita<\/i>&#8220;.<\/p>\n<p>Partendo dalla biografia e da alcune curiosit\u00e0 sull&#8217;autore inglese, Bauducco trattegger\u00e0 curiosit\u00e0 e aneddoti anche sulla celebre figura dell&#8217;investigatore Sherlock Holmes, dalla letteratura a cinema e serie tv.<\/p>\n<p>L&#8217;incontro, che si terr\u00e0 in biblioteca (piazza della Rimembranza 9), \u00e8 ad ingresso libero e gratuito, ed \u00e8 realizzato nell&#8217;ambito delle iniziative dello Sbam sud-est realizzate con il contributo della Regione Piemonte.<\/p>\n","protected":false},"excerpt":{"rendered":"","protected":false},"author":11,"featured_media":11845,"comment_status":"open","ping_status":"closed","sticky":false,"template":"","format":"standard","meta":[],"categories":[34],"tags":[],"news-destination":[],"news-source":[],"is_homepage":[581],"ta_other":[],"_links":{"self":[{"href":"https:\/\/www.ilmercoledi.news\/ilmercoledi\/news\/wp-json\/wp\/v2\/posts\/69733"}],"collection":[{"href":"https:\/\/www.ilmercoledi.news\/ilmercoledi\/news\/wp-json\/wp\/v2\/posts"}],"about":[{"href":"https:\/\/www.ilmercoledi.news\/ilmercoledi\/news\/wp-json\/wp\/v2\/types\/post"}],"author":[{"embeddable":true,"href":"https:\/\/www.ilmercoledi.news\/ilmercoledi\/news\/wp-json\/wp\/v2\/users\/11"}],"replies":[{"embeddable":true,"href":"https:\/\/www.ilmercoledi.news\/ilmercoledi\/news\/wp-json\/wp\/v2\/comments?post=69733"}],"version-history":[{"count":0,"href":"https:\/\/www.ilmercoledi.news\/ilmercoledi\/news\/wp-json\/wp\/v2\/posts\/69733\/revisions"}],"wp:featuredmedia":[{"embeddable":true,"href":"https:\/\/www.ilmercoledi.news\/ilmercoledi\/news\/wp-json\/wp\/v2\/media\/11845"}],"wp:attachment":[{"href":"https:\/\/www.ilmercoledi.news\/ilmercoledi\/news\/wp-json\/wp\/v2\/media?parent=69733"}],"wp:term":[{"taxonomy":"category","embeddable":true,"href":"https:\/\/www.ilmercoledi.news\/ilmercoledi\/news\/wp-json\/wp\/v2\/categories?post=69733"},{"taxonomy":"post_tag","embeddable":true,"href":"https:\/\/www.ilmercoledi.news\/ilmercoledi\/news\/wp-json\/wp\/v2\/tags?post=69733"},{"taxonomy":"news-destination","embeddable":true,"href":"https:\/\/www.ilmercoledi.news\/ilmercoledi\/news\/wp-json\/wp\/v2\/news-destination?post=69733"},{"taxonomy":"news-source","embeddable":true,"href":"https:\/\/www.ilmercoledi.news\/ilmercoledi\/news\/wp-json\/wp\/v2\/news-source?post=69733"},{"taxonomy":"is_homepage","embeddable":true,"href":"https:\/\/www.ilmercoledi.news\/ilmercoledi\/news\/wp-json\/wp\/v2\/is_homepage?post=69733"},{"taxonomy":"ta_other","embeddable":true,"href":"https:\/\/www.ilmercoledi.news\/ilmercoledi\/news\/wp-json\/wp\/v2\/ta_other?post=69733"}],"curies":[{"name":"wp","href":"https:\/\/api.w.org\/{rel}","templated":true}]}}