{"id":69969,"date":"2024-10-08T21:53:52","date_gmt":"2024-10-08T19:53:52","guid":{"rendered":"https:\/\/euwps05.newsmemory.com\/ilmercoledi\/news\/?p=69969"},"modified":"2024-10-08T21:54:23","modified_gmt":"2024-10-08T19:54:23","slug":"nichelino-tutto-il-programma-di-floreal-stupinigi","status":"publish","type":"post","link":"https:\/\/www.ilmercoledi.news\/2024\/10\/08\/nichelino-tutto-il-programma-di-floreal-stupinigi\/","title":{"rendered":"NICHELINO &#8211; Tutto il programma di FloReal a Stupinigi"},"content":{"rendered":"<p>Da venerd\u00ec 11 a domenica 13 ottobre (tutti i giorni dalle 9.30 alle 19.30. Ultimo ingresso alle 18.30) la Natura si d\u00e0 appuntamento alla Palazzina di Caccia di Stupinigi per la quarta edizione di FLOReal, la manifestazione florovivaistica organizzata da Orticola del Piemonte con l\u2019obiettivo di offrire ai torinesi e ai turisti un week-end di immersione nel verde in un luogo magnifico e, allo stesso tempo, di fare cultura green attraverso un insieme di iniziative collaterali per un pubblico di ogni et\u00e0.<\/p>\n<p>&nbsp;<\/p>\n<p>Se il cuore centrale della manifestazione sar\u00e0, come d\u2019abitudine, la mostra mercato con circa un centinaio di espositori tra florovivaisti, artigiani e agricoltori, FLOReal 2024 sar\u00e0 un contenitore di nuove fragranze e di stimoli culturali: a cominciare dalla prima attesissima edizione del Salone del Pane per passare a Hortus Conclusus, la rassegna organizzata dall\u2019Associazione Culturale Perfumum e dedicata ai profumi \u201cnaturali\u201d, fino all\u2019appuntamento ormai diventato consueto per il pubblico di FLOReal con la moda sostenibile attraverso la rassegna Verdetrama. Spazio anche a un ricco programma di talk di approfondimento con esperti del settore e ai laboratori di FLOR EDU per insegnare anche ai pi\u00f9 piccoli tutto il bello della Natura.<\/p>\n<p>&nbsp;<\/p>\n<p>\u201cLa Natura pu\u00f2 prendere le forme pi\u00f9 diverse: dai fiori colorati e le grandi piante rigogliose fino alla semplice spiga di grano da cui prende vita un alimento necessario come il pane. Ma dalla Natura possono nascere anche profumi unici e inebrianti, cos\u00ec come vestiti sostenibili e all\u2019ultima moda \u2013 Racconta Giustino Ballato, Presidente di Orticola del Piemonte \u2013 \u201cCon FLOReal vogliamo mostrare tutte queste sue forme: vogliamo far innamorare le persone, vogliamo stupirle, farle divertire e offrire loro momenti di benessere, gusto e relax. Ma vogliamo anche fare cultura attraverso i nostri talk e grazie all\u2019intervento di esperti che ci racconteranno l\u2019importanza della Natura in ogni aspetto della nostra vita\u201d.<\/p>\n<p>&nbsp;<\/p>\n<p>LA MOSTRA MERCATO<\/p>\n<p>&nbsp;<\/p>\n<p>Diventata negli anni una delle manifestazioni florovivaistiche di riferimento in Piemonte e in Italia FLOReal ospiter\u00e0 circa 100 espositori tra vivaisti, artigiani e agricoltori.<\/p>\n<p>&nbsp;<\/p>\n<p>Imponente sar\u00e0, come sempre, l\u2019offerta dei migliori vivai italiani provenienti da tutto lo Stivale. Dal Piemonte, la Regione pi\u00f9 rappresentata, al Veneto e la Liguria, dalla Lombardia e dalla Toscana fino al Lazio e alla Sicilia. Un vero e proprio giro d\u2019Italia green per scoprire le migliori eccellenze stagionali dei vari territori, che inonderanno di profumi e colori gli scenografici giardini della Palazzina di Caccia di Stupinigi.<\/p>\n<p>&nbsp;<\/p>\n<p>&nbsp;<\/p>\n<p>&nbsp;<\/p>\n<p>Dal fiore pi\u00f9 amato: la rosa, agli agrumi siciliani, le orchidee dalla Lombardia, e ancora piante succulente e carnivore, tillandsie, cactacee, piante acquatiche, ricadenti e rampicanti, aromatiche e tropicali, oltre a diverse tipologie di bonsai e ornamentali come i Kokedama. Piante da appartamento, da secco e da sole intenso, da ombra, perenni e annuali, bulbose e graminacee. Non mancheranno variet\u00e0 pi\u00f9 stagionali come le viole, i ciclamini, peperoncini di ogni genere, settembrini e rose rifiorenti; i caldi e vivaci colori autunnali saranno protagonisti anche nelle foglie di ortensie e cornioli. Curiosando tra i banchi di FLOReal si potranno anche scovare begonie, rododendri, camelie e dalie, conifere rare, piante alpine, zucche, melograni e ulivi. Un insieme di proposte affascinanti e in certi casi sorprendenti per abbellire spazi urbani, giardini, terrazzi e balconi e stuzzicare la curiosit\u00e0 degli esperti di giardinaggio e di tutti gli appassionati che stanno affinando il loro pollice verde.<\/p>\n<p>&nbsp;<\/p>\n<p>Non soltanto fiori ma, come da tradizione, anche una selezione di alcuni dei pi\u00f9 apprezzati artigiani e agricoltori. Spazio a idee di oggettistica per il giardinaggio e per l\u2019arredamento degli spazi esterni, libri, sementi e prodotti naturali per la cosmesi, prodotti agricoli, decorazioni per la casa e il giardino, e spezie di ogni tipo.<\/p>\n<p>&nbsp;<\/p>\n<p>&nbsp;<\/p>\n<p>&nbsp;<\/p>\n<p>IL SALONE DEL PANE<\/p>\n<p>&nbsp;<\/p>\n<p>&nbsp;<\/p>\n<p>&nbsp;<\/p>\n<p>All\u2019interno di FLOReal 2024 si svolger\u00e0 la prima edizione del Salone del Pane, nato da un\u2019idea di Orticola del Piemonte con il contributo della Camera di commercio di Torino. Il Salone del Pane punta a promuovere la cultura del pane locale e delle sue tradizioni e a valorizzare le eccellenze della filiera piemontese, creando sinergie tra produttori, artigiani e consumatori e sensibilizzando il pubblico sull\u2019importanza di una filiera corta e sostenibile.<\/p>\n<p>&nbsp;<\/p>\n<p>Il Salone del Pane si strutturer\u00e0 in una parte di esposizione e vendita. Il pubblico partecipante avr\u00e0 la possibilit\u00e0 di assaporare ben 15 diversi assaggi scelti tra i vari produttori, in certi casi abbinati con altri prodotti enogastronomici, potr\u00e0 curiosare tra i vari produttori, scoprire storie artigianali e nuove tecniche di produzione. A questo si aggiunge un programma di appuntamenti che vanno dalle masterclass ai talk di approfondimento fino ai laboratori per i pi\u00f9 piccoli.<\/p>\n<p>&nbsp;<\/p>\n<p>Saranno circa 25 gli espositori ospitati all\u2019interno della Citroniera di Levante della Palazzina di Caccia di Stupinigi: dai Maestri del Gusto della Citt\u00e0 di Torino alle aziende che sperimentano nuove farine, nuovi prodotti e nuove tipologie di macinazione, lievitazione e produzione, fino alle start up che pongono l\u2019innovazione alla base di un prodotto all\u2019apparenza cos\u00ec \u201csemplice\u201d e tradizionale come il pane e i suoi derivati.<\/p>\n<p>&nbsp;<\/p>\n<p>Insieme a loro altri piccoli produttori e Maestri del Gusto del territorio che con i loro prodotti proporranno abbinamenti consueti e inconsueti per far scoprire le infinite potenzialit\u00e0 gastronomiche dei panificati sia in versione dolce che in versione salata.<\/p>\n<p>&nbsp;<\/p>\n<p>&nbsp;<\/p>\n<p>&nbsp;<\/p>\n<p>FLOREAL TALKS<\/p>\n<p>&nbsp;<\/p>\n<p>FLOReal non \u00e8 solo bellezza per gli occhi ma \u00e8 anche cultura ed educazione green. Vivere nel verde significa migliorare l\u2019ambiente in casa ed essere protagonisti attivi nella trasformazione virtuosa dei centri abitati. Con questi obiettivi i FLOReal Talks vogliono guidare gli esperti del settore e i cittadini in un viaggio di approfondimento con l\u2019aiuto di professionisti che si occupano di discipline diverse: dall\u2019architettura al paesaggio, dalla botanica alla biologia vegetale fino al giornalismo e alla comunicazione.<\/p>\n<p>&nbsp;<\/p>\n<p>&nbsp;<\/p>\n<p>&nbsp;<\/p>\n<p>Si parte venerd\u00ec 11 ottobre alle ore 16 presso la Sala Camini della Palazzina di Caccia di Stupinigi con il talk \u201cI parchi urbani: strategie per il clima e l\u2019ecologia della citt\u00e0\u201d, in collaborazione con l\u2019Ordine degli Architetti e l\u2019Ordine dei Geologi di Torino.<\/p>\n<p>&nbsp;<\/p>\n<p>Partendo da una serie di case history torinesi e non solo il talk vuole raccontare l\u2019importanza dei parchi nei grandi centri urbani per una maggiore sostenibilit\u00e0 e qualit\u00e0 della vita dei cittadini, ma anche dal punto di vista estetico, sociale e ambientale. Fondamentale diventa pertanto una corretta progettazione e riprogettazione di questi spazi, per renderli funzionali alla citt\u00e0 stessa, di facile manutenzione e durevoli nel tempo. Modera l\u2019incontro la giornalista, direttrice della rivista Casa Naturale, e divulgatrice di sostenibilit\u00e0 Maria Chiara Voci.<\/p>\n<p>&nbsp;<\/p>\n<p>Sabato 12 ottobre alle ore 10 presso lo Scalone Reale della Palazzina il talk \u201cComunicare il verde\u201d metter\u00e0 di fronte giornalisti, influencer e addetti ai lavori sull\u2019importanza cruciale di una corretta diffusione di informazioni documentate sul tema della sostenibilit\u00e0 e del verde. I media hanno infatti una responsabilit\u00e0 etica di primo piano: il modo in cui trattano l\u2019argomento influenza il comportamento dei cittadini, stimola un dibattito costruttivo, genera impatti sulle politiche e sulle decisioni pubbliche, contribuisce a stimolare l\u2019innovazione nel settore. Modera l\u2019incontro la giornalista, direttrice della rivista Casa Naturale, e divulgatrice di sostenibilit\u00e0 Maria Chiara Voci.<\/p>\n<p>&nbsp;<\/p>\n<p>Sabato 12 ottobre alle ore 15 presso la Scalone Reale della Palazzina sar\u00e0 presentato il libro &#8220;Bulbomania&#8221; di Simonetta Chiarugi e Christian Shejbal, edito da Gribaudo (2024). L\u2019autrice Simona Chiarugi racconter\u00e0 il libro in dialogo con il florovivaista Marco Gramaglia.<\/p>\n<p>&nbsp;<\/p>\n<p>Domenica 13 ottobre alle ore 15 presso lo Scalone Reale della Palazzina il programma dei talk si concluder\u00e0 con \u201cDalla Botanica ai Profumi: Un Viaggio tra Scienza e Arte Olfattiva\u201d. Un incontro per esplorare, grazie all\u2019intervento di esperti botanici e maestri profumieri, l\u2019affascinante connessione tra il mondo vegetale e la creazione di fragranze, mettendo in luce come la conoscenza botanica sia e sia stata fondamentale per lo sviluppo di profumi unici e seducenti. L\u2019evento esplorer\u00e0 anche la storia dell&#8217;arte profumiera, proponendo un viaggio sensoriale attraverso le sue essenze e profumi iconici della storia.<\/p>\n<p>&nbsp;<\/p>\n<p>Modera l\u2019incontro la giornalista e coordinatrice editoriale della rivista Casa Naturale Sabrina Zanini.<\/p>\n<p>&nbsp;<\/p>\n<p>&nbsp;<\/p>\n<p>&nbsp;<\/p>\n<p>FLOR EDU<\/p>\n<p>&nbsp;<\/p>\n<p>Grande attenzione sar\u00e0, come sempre, riservata ai pi\u00f9 piccoli (a partire dai 5 anni) con FLOR EDU, lo spin-off di FLOR ideato nel 2019 con l\u2019obiettivo di sensibilizzare le nuove generazioni sull&#8217;importanza di rispettare la natura e di costruire, grazie ad essa, un mondo pi\u00f9 pulito e sostenibile per tutti. Un insieme di laboratori \u201cdiffusi\u201d lungo i giardini della Palazzina di Caccia per contribuire a creare una coscienza del verde alle donne e agli uomini di domani.<\/p>\n<p>&nbsp;<\/p>\n<p>Ci saranno laboratori di \u201crinvaso\u201d, che insegneranno ai piccoli giardinieri a travasare le piante per scoprire l&#8217;importanza della cura del verde e favorire la crescita delle piccole piantine, e laboratori di ceramica per creare vestiti e simpatici animaletti.<\/p>\n<p>&nbsp;<\/p>\n<p>Ci saranno laboratori creativi per giocare e costruire con l\u2019argilla, altri per esplorare i diversi colori della terra e altri ancora con piccoli semini da piantare, fino alla possibilit\u00e0 di osservare e saperne di pi\u00f9 sul mondo delle api e sulla loro instancabile attivit\u00e0.<\/p>\n<p>&nbsp;<\/p>\n<p>&nbsp;<\/p>\n<p>&nbsp;<\/p>\n<p>HORTUS CONCLUSUS E VERDE TRAMA<\/p>\n<p>&nbsp;<\/p>\n<p>FLOReal 2024 sar\u00e0 arricchito anche da due spazi espositivi che racconteranno il mondo della Natura da altri punti di vista.<\/p>\n<p>&nbsp;<\/p>\n<p>&nbsp;<\/p>\n<p>&nbsp;<\/p>\n<p>La seconda edizione di Hortus Conclusus, rassegna organizzata dall\u2019Associazione Culturale Perfumum e dedicata a tutti i Parfum Lovers che avranno la possibilit\u00e0 di scoprire i brand ed i creatori emergenti, nazionali e internazionali, le profumerie artistiche pi\u00f9 qualificate e, soprattutto conoscere, storie, curiosit\u00e0, annusare e assaporare l\u2019arte della profumeria. Un evento ricco di profumi, aromi e animazione, da scoprire e provare, come la singolare e coinvolgente sfilata olfattiva d\u2019alta moda, un percorso emozionale che terminer\u00e0 con un aperitivo olfattivo dove i profumi si potranno annusare e degustare.<\/p>\n<p>&nbsp;<\/p>\n<p>Un\u2019altra area della Palazzina di Caccia di Stupinigi sar\u00e0 invece dedicata a VerdeTrama, mostra mercato di moda e tessuti sostenibili. Un inno all\u2019eleganza della Natura e allo Slow Fashion, un punto d&#8217;incontro tra il grande pubblico e le realt\u00e0 artigianali emergenti che hanno la possibilit\u00e0 di mettere in mostra le proprie creazioni: dalle calzature naturali e vegane all\u2019intimo in tessuto di bamb\u00f9, fino ai prodotti di sartoria minimale realizzati da donne che provengono da situazioni socialmente problematiche.<\/p>\n<p>&nbsp;<\/p>\n<p>&nbsp;<\/p>\n<p>&nbsp;<\/p>\n<p>AREA FOOD<\/p>\n<p>&nbsp;<\/p>\n<p>Ampia anche l\u2019offerta food, in un\u2019area dedicata presso il Cortile dell\u2019Elefante, con proposte variegate per incontrare il gusto di tutti: dai ravioli emiliani e pasta fresca di BStradi agli Hamburger di ogni tipo, compresa la versione vegana, di Rock Burger e Van ver Burger. Dai panificati di Panacea ai cannoli salati di The Cannoli\u2019s fino alle patate gourmet di Touberi. Per le colazioni e le pause caff\u00e8 prosegue invece la collaborazione con Caffett\u00e8.<\/p>\n","protected":false},"excerpt":{"rendered":"","protected":false},"author":11,"featured_media":56171,"comment_status":"open","ping_status":"closed","sticky":false,"template":"","format":"standard","meta":[],"categories":[34],"tags":[],"news-destination":[],"news-source":[],"is_homepage":[581],"ta_other":[],"_links":{"self":[{"href":"https:\/\/www.ilmercoledi.news\/ilmercoledi\/news\/wp-json\/wp\/v2\/posts\/69969"}],"collection":[{"href":"https:\/\/www.ilmercoledi.news\/ilmercoledi\/news\/wp-json\/wp\/v2\/posts"}],"about":[{"href":"https:\/\/www.ilmercoledi.news\/ilmercoledi\/news\/wp-json\/wp\/v2\/types\/post"}],"author":[{"embeddable":true,"href":"https:\/\/www.ilmercoledi.news\/ilmercoledi\/news\/wp-json\/wp\/v2\/users\/11"}],"replies":[{"embeddable":true,"href":"https:\/\/www.ilmercoledi.news\/ilmercoledi\/news\/wp-json\/wp\/v2\/comments?post=69969"}],"version-history":[{"count":0,"href":"https:\/\/www.ilmercoledi.news\/ilmercoledi\/news\/wp-json\/wp\/v2\/posts\/69969\/revisions"}],"wp:featuredmedia":[{"embeddable":true,"href":"https:\/\/www.ilmercoledi.news\/ilmercoledi\/news\/wp-json\/wp\/v2\/media\/56171"}],"wp:attachment":[{"href":"https:\/\/www.ilmercoledi.news\/ilmercoledi\/news\/wp-json\/wp\/v2\/media?parent=69969"}],"wp:term":[{"taxonomy":"category","embeddable":true,"href":"https:\/\/www.ilmercoledi.news\/ilmercoledi\/news\/wp-json\/wp\/v2\/categories?post=69969"},{"taxonomy":"post_tag","embeddable":true,"href":"https:\/\/www.ilmercoledi.news\/ilmercoledi\/news\/wp-json\/wp\/v2\/tags?post=69969"},{"taxonomy":"news-destination","embeddable":true,"href":"https:\/\/www.ilmercoledi.news\/ilmercoledi\/news\/wp-json\/wp\/v2\/news-destination?post=69969"},{"taxonomy":"news-source","embeddable":true,"href":"https:\/\/www.ilmercoledi.news\/ilmercoledi\/news\/wp-json\/wp\/v2\/news-source?post=69969"},{"taxonomy":"is_homepage","embeddable":true,"href":"https:\/\/www.ilmercoledi.news\/ilmercoledi\/news\/wp-json\/wp\/v2\/is_homepage?post=69969"},{"taxonomy":"ta_other","embeddable":true,"href":"https:\/\/www.ilmercoledi.news\/ilmercoledi\/news\/wp-json\/wp\/v2\/ta_other?post=69969"}],"curies":[{"name":"wp","href":"https:\/\/api.w.org\/{rel}","templated":true}]}}