{"id":70183,"date":"2024-10-21T21:05:04","date_gmt":"2024-10-21T19:05:04","guid":{"rendered":"https:\/\/euwps06.newsmemory.com\/ilmercoledi\/news\/?p=70183"},"modified":"2024-10-21T21:05:06","modified_gmt":"2023-12-26T21:05:06","slug":"atc-il-presidente-bolla-potenziare-la-sicurezza-e-controlli-contro-gli-abusi","status":"publish","type":"post","link":"https:\/\/www.ilmercoledi.news\/2024\/10\/21\/atc-il-presidente-bolla-potenziare-la-sicurezza-e-controlli-contro-gli-abusi\/","title":{"rendered":"ATC &#8211; Il presidente Bolla: &#8216;Potenziare la sicurezza e i controlli contro gli abusi&#8217;"},"content":{"rendered":"<p>Durante l\u2019audizione della Commissione parlamentare di inchiesta sulle condizioni di sicurezza e sullo stato di degrado delle citt\u00e0 e delle loro periferie che si \u00e8 tenuta oggi (luned\u00ec 21 ottobre 2024) in Prefettura a Torino, Emilio Bolla, presidente dell\u2019Atc del Piemonte Centrale, ha illustrato la situazione del patrimonio di edilizia residenziale pubblica gestito dall\u2019Agenzia, concentrandosi sulle principali criticit\u00e0 affrontate negli ultimi anni e sulle iniziative messe in campo per migliorare la vivibilit\u00e0 e la sicurezza dei quartieri.<\/p>\n<p>Atc gestisce un totale di 28.726 alloggi nell\u2019area della Citt\u00e0 Metropolitana di Torino, di cui 17.869 sono collocati nella sola Citt\u00e0 di Torino. La popolazione residente negli alloggi di edilizia sociale \u00e8 di oltre 56.920 persone, una parte significativa delle quali appartiene a fasce sociali vulnerabili: pi\u00f9 di 11.400 residenti hanno superato i 65 anni e quasi 4.000 sono over 80.<\/p>\n<p>Il fenomeno delle occupazioni abusive \u00e8 in crescita dal 2020, quando \u00e8 stato acuito dalla crisi pandemica e dalla chiusura dei campi nomadi. Attualmente, ci sono ancora 177 alloggi occupati abusivamente nella Citt\u00e0 Metropolitana, di cui 168 nella sola Torino. L\u2019occupazione abusiva \u00e8 spesso legata non solo a situazioni di disagio sociale, ma anche a fenomeni di criminalit\u00e0 organizzata, con un impatto fortemente negativo sulla percezione della sicurezza nei quartieri. Dal 2020 a oggi, Atc ha recuperato un numero significativo di alloggi grazie alla collaborazione con le forze dell\u2019ordine; dall\u2019inizio del 2024 al 15 ottobre, sono stati eseguiti 32 sgomberi di alloggi occupati abusivamente (che salgono complessivamente a 76 se si considerano anche le occupazioni o i tentativi di occupazione da parte di nuclei non censiti con notizia di reato).<\/p>\n<p>Tra le priorit\u00e0 dell\u2019Atc c\u2019\u00e8 la riqualificazione del patrimonio abitativo e la rigenerazione dei quartieri pi\u00f9 critici. Grazie ai fondi pubblici che si sono resi disponibili negli ultimi anni &#8211; compresi gli stanziamenti ex Gescal ripartiti dalla Regione &#8211; l\u2019Agenzia ha potuto ristrutturare, riqualificare e realizzare interventi di efficientamento energetico su oltre 3.500 alloggi, con un investimento totale di oltre 440 milioni di euro. Questi interventi hanno riguardato la coibentazione degli edifici, la sostituzione delle caldaie obsolete e l\u2019installazione di pannelli fotovoltaici, migliorando significativamente l\u2019efficienza energetica degli alloggi e riducendo le spese per le famiglie.<\/p>\n<p>Altri progetti, per esempio quello delle Vallette, finanziato con fondi PNRR nell\u2019ambito del Programma Innovativo Nazionale per la Qualit\u00e0 dell\u2019Abitare (PinQua), mirano non solo alla ristrutturazione degli edifici, ma anche al miglioramento degli spazi pubblici, contribuendo a creare comunit\u00e0 pi\u00f9 coese e sicure.<\/p>\n<p>Bolla ha sottolineato l\u2019importanza della collaborazione tra Atc, forze dell\u2019ordine e istituzioni locali per affrontare le criticit\u00e0. Oltre agli interventi strutturali, l\u2019Agenzia ha promosso iniziative sociali per migliorare la qualit\u00e0 della vita nei quartieri popolari, tra cui i progetti \u201cN.O.I. \u2013 Nucleo Operativo Integrato per la Casa\u201d della Regione Piemonte, \u201cReality Shot\u201d per i giovani e il concorso della Regione \u201cIl Giardino pi\u00f9 bello\u201d, pensato per rafforzare il senso di appartenenza tra i residenti.<\/p>\n<p>Nel suo intervento Emilio Bolla ha sottolineato la necessit\u00e0 urgente di costruire nuovi alloggi per far fronte all\u2019aumento della domanda abitativa, evidenziando al contempo l\u2019importanza di investire nella ristrutturazione del patrimonio edilizio esistente. \u201cIl nostro patrimonio di edilizia residenziale pubblica \u00e8 in larga parte vetusto e obsoleto. \u00c8 fondamentale non solo intervenire con manutenzioni straordinarie, ma anche avviare nuovi progetti di costruzione per rispondere alle esigenze di una popolazione che si trova in condizioni di crescente fragilit\u00e0,\u201d ha dichiarato Bolla, facendo appello a una strategia coordinata che preveda ingenti risorse per affrontare queste sfide.<\/p>\n","protected":false},"excerpt":{"rendered":"","protected":false},"author":11,"featured_media":9535,"comment_status":"open","ping_status":"closed","sticky":false,"template":"","format":"standard","meta":[],"categories":[34],"tags":[],"news-destination":[],"news-source":[],"is_homepage":[581],"ta_other":[],"_links":{"self":[{"href":"https:\/\/www.ilmercoledi.news\/ilmercoledi\/news\/wp-json\/wp\/v2\/posts\/70183"}],"collection":[{"href":"https:\/\/www.ilmercoledi.news\/ilmercoledi\/news\/wp-json\/wp\/v2\/posts"}],"about":[{"href":"https:\/\/www.ilmercoledi.news\/ilmercoledi\/news\/wp-json\/wp\/v2\/types\/post"}],"author":[{"embeddable":true,"href":"https:\/\/www.ilmercoledi.news\/ilmercoledi\/news\/wp-json\/wp\/v2\/users\/11"}],"replies":[{"embeddable":true,"href":"https:\/\/www.ilmercoledi.news\/ilmercoledi\/news\/wp-json\/wp\/v2\/comments?post=70183"}],"version-history":[{"count":0,"href":"https:\/\/www.ilmercoledi.news\/ilmercoledi\/news\/wp-json\/wp\/v2\/posts\/70183\/revisions"}],"wp:featuredmedia":[{"embeddable":true,"href":"https:\/\/www.ilmercoledi.news\/ilmercoledi\/news\/wp-json\/wp\/v2\/media\/9535"}],"wp:attachment":[{"href":"https:\/\/www.ilmercoledi.news\/ilmercoledi\/news\/wp-json\/wp\/v2\/media?parent=70183"}],"wp:term":[{"taxonomy":"category","embeddable":true,"href":"https:\/\/www.ilmercoledi.news\/ilmercoledi\/news\/wp-json\/wp\/v2\/categories?post=70183"},{"taxonomy":"post_tag","embeddable":true,"href":"https:\/\/www.ilmercoledi.news\/ilmercoledi\/news\/wp-json\/wp\/v2\/tags?post=70183"},{"taxonomy":"news-destination","embeddable":true,"href":"https:\/\/www.ilmercoledi.news\/ilmercoledi\/news\/wp-json\/wp\/v2\/news-destination?post=70183"},{"taxonomy":"news-source","embeddable":true,"href":"https:\/\/www.ilmercoledi.news\/ilmercoledi\/news\/wp-json\/wp\/v2\/news-source?post=70183"},{"taxonomy":"is_homepage","embeddable":true,"href":"https:\/\/www.ilmercoledi.news\/ilmercoledi\/news\/wp-json\/wp\/v2\/is_homepage?post=70183"},{"taxonomy":"ta_other","embeddable":true,"href":"https:\/\/www.ilmercoledi.news\/ilmercoledi\/news\/wp-json\/wp\/v2\/ta_other?post=70183"}],"curies":[{"name":"wp","href":"https:\/\/api.w.org\/{rel}","templated":true}]}}