{"id":7037,"date":"2018-06-13T18:54:21","date_gmt":"2018-06-13T16:54:21","guid":{"rendered":"http:\/\/euwps02.tecnavia.com\/ilmercoledi\/news\/?p=7037"},"modified":"2018-06-15T19:55:33","modified_gmt":"2018-06-15T17:55:33","slug":"carabinieri-quarantennale-della-bandiera-guerra-al-castello-moncalieri","status":"publish","type":"post","link":"https:\/\/www.ilmercoledi.news\/2018\/06\/13\/carabinieri-quarantennale-della-bandiera-guerra-al-castello-moncalieri\/","title":{"rendered":"Carabinieri: Bandiera di Guerra quarantennale al castello di Moncalieri"},"content":{"rendered":"<p><img alt=\"Carabinieri: Bandiera di Guerra quarantennale al castello di Moncalieri\" title=\"Carabinieri: Bandiera di Guerra quarantennale al castello di Moncalieri\" loading=\"lazy\" class=\"size-medium wp-image-7039\" src=\"https:\/\/www.ilmercoledi.news\/ilmercoledi\/news\/wp-content\/uploads\/sites\/3\/2018\/06\/Desideri-discorso-321_resized-300x296.jpg\" alt=\"\" width=\"300\" height=\"296\" srcset=\"https:\/\/euwps06.newsmemory.com\/ilmercoledi\/news\/wp-content\/uploads\/sites\/3\/2018\/06\/Desideri-discorso-321_resized-300x296.jpg 300w, https:\/\/euwps06.newsmemory.com\/ilmercoledi\/news\/wp-content\/uploads\/sites\/3\/2018\/06\/Desideri-discorso-321_resized-768x757.jpg 768w, https:\/\/euwps06.newsmemory.com\/ilmercoledi\/news\/wp-content\/uploads\/sites\/3\/2018\/06\/Desideri-discorso-321_resized-1024x1009.jpg 1024w, https:\/\/euwps06.newsmemory.com\/ilmercoledi\/news\/wp-content\/uploads\/sites\/3\/2018\/06\/Desideri-discorso-321_resized-750x739.jpg 750w, https:\/\/euwps06.newsmemory.com\/ilmercoledi\/news\/wp-content\/uploads\/sites\/3\/2018\/06\/Desideri-discorso-321_resized-32x32.jpg 32w, https:\/\/euwps06.newsmemory.com\/ilmercoledi\/news\/wp-content\/uploads\/sites\/3\/2018\/06\/Desideri-discorso-321_resized-50x50.jpg 50w, https:\/\/euwps06.newsmemory.com\/ilmercoledi\/news\/wp-content\/uploads\/sites\/3\/2018\/06\/Desideri-discorso-321_resized-64x64.jpg 64w, https:\/\/euwps06.newsmemory.com\/ilmercoledi\/news\/wp-content\/uploads\/sites\/3\/2018\/06\/Desideri-discorso-321_resized-96x96.jpg 96w, https:\/\/euwps06.newsmemory.com\/ilmercoledi\/news\/wp-content\/uploads\/sites\/3\/2018\/06\/Desideri-discorso-321_resized.jpg 1716w\" sizes=\"(max-width: 300px) 100vw, 300px\" \/><\/p>\n<p>Oggi, mercoledi 13 giugno, \u00e8 una data storica per il Reggimento Carabinieri Piemonte Liguria. Nella sede del comando, che si trova nel castello reale di Moncalieri si \u00e8 svolta la cerimonia ufficiale per ricordare il quarantennale della Bandiera di Guerra del Reparto.<\/p>\n<p>Si \u00e8 trattato di una manifestazione rigorosa ed intensa, voluta ed organizzata perfettamente dal comandante del Reggimento, colonnello Cristiano Desideri, che ha fatto gli onori di casa, alla presenza del comandante della Brigata, di numerose autorit\u00e0 militari in rappresentanza di altri corpi delle forze armate; di enti pubblici, tra cui il Comune, con il Sindaco in prima fila, la Regione Piemonte e La Citt\u00e0 Metropolitana di Torno, presenti con il loro labaro.<\/p>\n<p>Nel suo apprezzato intervento il colonnello Desideri ha sottolineato <strong>&#8220;lo spirito e l&#8217;abnegazione dei carabinieri nella difesa del Paese&#8221;<\/strong>, di fronte alle storiche e nuove minacce, rappresentate dal terrorismo. <em>(I passaggi pi\u00f9 significativi del suo intervento nell&#8217;edizione de Il Mercoledi del 20 giugno<\/em>).<\/p>\n<p>Nell&#8217;occasione sono state ricordate le tappe pi\u00f9 significative del rapporto tra l&#8217;Arma dei Carabinieri, il castello reale e la citt\u00e0 di Moncalieri; un legame che \u00e8 sempre stato molto sentito dalla cittadinanza.<\/p>\n<p>Ricordiamo che la Bandiera di Guerra ha un valore molto elevato, in quanto accompagna il reparto in tutta la sua vita operativa, sia in tempo di pace che di guerra. \u00c8 il simbolo dell&#8217;onore del reparto, delle sue tradizioni, della sua storia e del ricordo dei suoi caduti.<\/p>\n","protected":false},"excerpt":{"rendered":"","protected":false},"author":6,"featured_media":7038,"comment_status":"open","ping_status":"closed","sticky":false,"template":"","format":"standard","meta":[],"categories":[8],"tags":[167,110,122,168,120],"news-destination":[],"news-source":[],"is_homepage":[],"ta_other":[],"_links":{"self":[{"href":"https:\/\/www.ilmercoledi.news\/ilmercoledi\/news\/wp-json\/wp\/v2\/posts\/7037"}],"collection":[{"href":"https:\/\/www.ilmercoledi.news\/ilmercoledi\/news\/wp-json\/wp\/v2\/posts"}],"about":[{"href":"https:\/\/www.ilmercoledi.news\/ilmercoledi\/news\/wp-json\/wp\/v2\/types\/post"}],"author":[{"embeddable":true,"href":"https:\/\/www.ilmercoledi.news\/ilmercoledi\/news\/wp-json\/wp\/v2\/users\/6"}],"replies":[{"embeddable":true,"href":"https:\/\/www.ilmercoledi.news\/ilmercoledi\/news\/wp-json\/wp\/v2\/comments?post=7037"}],"version-history":[{"count":4,"href":"https:\/\/www.ilmercoledi.news\/ilmercoledi\/news\/wp-json\/wp\/v2\/posts\/7037\/revisions"}],"predecessor-version":[{"id":7043,"href":"https:\/\/www.ilmercoledi.news\/ilmercoledi\/news\/wp-json\/wp\/v2\/posts\/7037\/revisions\/7043"}],"wp:featuredmedia":[{"embeddable":true,"href":"https:\/\/www.ilmercoledi.news\/ilmercoledi\/news\/wp-json\/wp\/v2\/media\/7038"}],"wp:attachment":[{"href":"https:\/\/www.ilmercoledi.news\/ilmercoledi\/news\/wp-json\/wp\/v2\/media?parent=7037"}],"wp:term":[{"taxonomy":"category","embeddable":true,"href":"https:\/\/www.ilmercoledi.news\/ilmercoledi\/news\/wp-json\/wp\/v2\/categories?post=7037"},{"taxonomy":"post_tag","embeddable":true,"href":"https:\/\/www.ilmercoledi.news\/ilmercoledi\/news\/wp-json\/wp\/v2\/tags?post=7037"},{"taxonomy":"news-destination","embeddable":true,"href":"https:\/\/www.ilmercoledi.news\/ilmercoledi\/news\/wp-json\/wp\/v2\/news-destination?post=7037"},{"taxonomy":"news-source","embeddable":true,"href":"https:\/\/www.ilmercoledi.news\/ilmercoledi\/news\/wp-json\/wp\/v2\/news-source?post=7037"},{"taxonomy":"is_homepage","embeddable":true,"href":"https:\/\/www.ilmercoledi.news\/ilmercoledi\/news\/wp-json\/wp\/v2\/is_homepage?post=7037"},{"taxonomy":"ta_other","embeddable":true,"href":"https:\/\/www.ilmercoledi.news\/ilmercoledi\/news\/wp-json\/wp\/v2\/ta_other?post=7037"}],"curies":[{"name":"wp","href":"https:\/\/api.w.org\/{rel}","templated":true}]}}