{"id":70403,"date":"2024-11-02T12:44:53","date_gmt":"2024-11-02T11:44:53","guid":{"rendered":"https:\/\/euwps05.newsmemory.com\/ilmercoledi\/news\/?p=70403"},"modified":"2024-11-05T08:25:09","modified_gmt":"2024-11-05T07:25:09","slug":"ospedale-santa-croce-di-moncalieri-bonifica-terminata-riapre-la-pediatria","status":"publish","type":"post","link":"https:\/\/www.ilmercoledi.news\/2024\/11\/02\/ospedale-santa-croce-di-moncalieri-bonifica-terminata-riapre-la-pediatria\/","title":{"rendered":"Ospedale Santa Croce di Moncalieri: bonifica terminata, riapre la Pediatria"},"content":{"rendered":"\r\n<p>E&#8217; durata 7 giorni lo stop di Pediatria all&#8217;ospedale S. Croce di Moncalieri, dopo che lo scorso 23 novembre il reparto era stato chiuso per la presenza di topi e i servizi sistemati provvisoriamente in altre aree del nosocomio, in attesa della bonifica.<br \/>Che si \u00e8 conclusa proprio in questi giorni.<br \/>Ieri venerd\u00ec 1 novembre \u00e8 stato riattivato nella sede consueta il Pronto soccorso pediatrico, mentre la degenza sar\u00e0 di nuovo disponibile per i piccoli pazienti da luned\u00ec 4 novembre. Positivo il commento dell Commissario dell\u2019ASL TO5 Bruno Osella: \u201cSiamo costantemente impegnati in un ammodernamento strutturale e tecnologico dei nostri ospedali per garantire agli utenti un servizio di qualit\u00e0 e agli operatori spazi idonei per esprimere al meglio la loro professionalit\u00e0\u201d.<\/p>\r\n","protected":false},"excerpt":{"rendered":"","protected":false},"author":4,"featured_media":1009,"comment_status":"open","ping_status":"closed","sticky":false,"template":"","format":"standard","meta":[],"categories":[8],"tags":[],"news-destination":[],"news-source":[],"is_homepage":[581],"ta_other":[],"_links":{"self":[{"href":"https:\/\/www.ilmercoledi.news\/ilmercoledi\/news\/wp-json\/wp\/v2\/posts\/70403"}],"collection":[{"href":"https:\/\/www.ilmercoledi.news\/ilmercoledi\/news\/wp-json\/wp\/v2\/posts"}],"about":[{"href":"https:\/\/www.ilmercoledi.news\/ilmercoledi\/news\/wp-json\/wp\/v2\/types\/post"}],"author":[{"embeddable":true,"href":"https:\/\/www.ilmercoledi.news\/ilmercoledi\/news\/wp-json\/wp\/v2\/users\/4"}],"replies":[{"embeddable":true,"href":"https:\/\/www.ilmercoledi.news\/ilmercoledi\/news\/wp-json\/wp\/v2\/comments?post=70403"}],"version-history":[{"count":1,"href":"https:\/\/www.ilmercoledi.news\/ilmercoledi\/news\/wp-json\/wp\/v2\/posts\/70403\/revisions"}],"predecessor-version":[{"id":70406,"href":"https:\/\/www.ilmercoledi.news\/ilmercoledi\/news\/wp-json\/wp\/v2\/posts\/70403\/revisions\/70406"}],"wp:featuredmedia":[{"embeddable":true,"href":"https:\/\/www.ilmercoledi.news\/ilmercoledi\/news\/wp-json\/wp\/v2\/media\/1009"}],"wp:attachment":[{"href":"https:\/\/www.ilmercoledi.news\/ilmercoledi\/news\/wp-json\/wp\/v2\/media?parent=70403"}],"wp:term":[{"taxonomy":"category","embeddable":true,"href":"https:\/\/www.ilmercoledi.news\/ilmercoledi\/news\/wp-json\/wp\/v2\/categories?post=70403"},{"taxonomy":"post_tag","embeddable":true,"href":"https:\/\/www.ilmercoledi.news\/ilmercoledi\/news\/wp-json\/wp\/v2\/tags?post=70403"},{"taxonomy":"news-destination","embeddable":true,"href":"https:\/\/www.ilmercoledi.news\/ilmercoledi\/news\/wp-json\/wp\/v2\/news-destination?post=70403"},{"taxonomy":"news-source","embeddable":true,"href":"https:\/\/www.ilmercoledi.news\/ilmercoledi\/news\/wp-json\/wp\/v2\/news-source?post=70403"},{"taxonomy":"is_homepage","embeddable":true,"href":"https:\/\/www.ilmercoledi.news\/ilmercoledi\/news\/wp-json\/wp\/v2\/is_homepage?post=70403"},{"taxonomy":"ta_other","embeddable":true,"href":"https:\/\/www.ilmercoledi.news\/ilmercoledi\/news\/wp-json\/wp\/v2\/ta_other?post=70403"}],"curies":[{"name":"wp","href":"https:\/\/api.w.org\/{rel}","templated":true}]}}