{"id":70484,"date":"2024-11-05T08:22:47","date_gmt":"2024-11-05T07:22:47","guid":{"rendered":"https:\/\/euwps06.newsmemory.com\/ilmercoledi\/news\/?p=70484"},"modified":"2024-11-05T08:37:31","modified_gmt":"2024-06-08T08:37:31","slug":"moncalieri-appuntamento-con-giovedi-culturali-de-il-porto-su-basaglia","status":"publish","type":"post","link":"https:\/\/www.ilmercoledi.news\/2024\/11\/05\/moncalieri-appuntamento-con-giovedi-culturali-de-il-porto-su-basaglia\/","title":{"rendered":"MONCALIERI &#8211; Appuntamento con i gioved\u00ec culturali de Il Porto su Basaglia"},"content":{"rendered":"<p>Nuovo appuntamento con &#8220;I gioved\u00ec culturali del Porto&#8221;, alla comunit\u00e0 Il Porto di Moncalieri. Il 7 novembre si parla di &#8220;Franco Basaglia: la sua eredit\u00e0 oggi&#8221;<\/p>\n<p>Relatore ed autore Ugo Zamburru, psichiatra e psicoterapeuta, autore di vari testi in\u00a0ambito sociale e psichiatrico. Fondatore, nel 2008, del \u201cCaff\u00e8 Basaglia\u201d.<\/p>\n<p>Appuntamento alle ore 21 in via Petrarca, 18 (Moncalieri)<\/p>\n<p>Franco Basaglia\u00a0\u00e8 considerato\u00a0il\u00a0fondatore del concetto moderno di salute mentale, e ancora\u00a0oggi, le sue teorie hanno un forte peso in ambito psichiatrico.<\/p>\n<p>A Franco Basaglia si deve la Legge 180\/78\u00a0 che ha promosso un nuovo approccio alla cura dei disturbi mentali, sostenendo in primis\u00a0il\u00a0rispetto della persona.<\/p>\n<p>Per iscrizioni alla serata si prega di scrivere a f.bileci@ilporto.org<\/p>\n","protected":false},"excerpt":{"rendered":"","protected":false},"author":11,"featured_media":70483,"comment_status":"open","ping_status":"closed","sticky":false,"template":"","format":"standard","meta":[],"categories":[34],"tags":[],"news-destination":[],"news-source":[],"is_homepage":[581],"ta_other":[],"_links":{"self":[{"href":"https:\/\/www.ilmercoledi.news\/ilmercoledi\/news\/wp-json\/wp\/v2\/posts\/70484"}],"collection":[{"href":"https:\/\/www.ilmercoledi.news\/ilmercoledi\/news\/wp-json\/wp\/v2\/posts"}],"about":[{"href":"https:\/\/www.ilmercoledi.news\/ilmercoledi\/news\/wp-json\/wp\/v2\/types\/post"}],"author":[{"embeddable":true,"href":"https:\/\/www.ilmercoledi.news\/ilmercoledi\/news\/wp-json\/wp\/v2\/users\/11"}],"replies":[{"embeddable":true,"href":"https:\/\/www.ilmercoledi.news\/ilmercoledi\/news\/wp-json\/wp\/v2\/comments?post=70484"}],"version-history":[{"count":1,"href":"https:\/\/www.ilmercoledi.news\/ilmercoledi\/news\/wp-json\/wp\/v2\/posts\/70484\/revisions"}],"predecessor-version":[{"id":70486,"href":"https:\/\/www.ilmercoledi.news\/ilmercoledi\/news\/wp-json\/wp\/v2\/posts\/70484\/revisions\/70486"}],"wp:featuredmedia":[{"embeddable":true,"href":"https:\/\/www.ilmercoledi.news\/ilmercoledi\/news\/wp-json\/wp\/v2\/media\/70483"}],"wp:attachment":[{"href":"https:\/\/www.ilmercoledi.news\/ilmercoledi\/news\/wp-json\/wp\/v2\/media?parent=70484"}],"wp:term":[{"taxonomy":"category","embeddable":true,"href":"https:\/\/www.ilmercoledi.news\/ilmercoledi\/news\/wp-json\/wp\/v2\/categories?post=70484"},{"taxonomy":"post_tag","embeddable":true,"href":"https:\/\/www.ilmercoledi.news\/ilmercoledi\/news\/wp-json\/wp\/v2\/tags?post=70484"},{"taxonomy":"news-destination","embeddable":true,"href":"https:\/\/www.ilmercoledi.news\/ilmercoledi\/news\/wp-json\/wp\/v2\/news-destination?post=70484"},{"taxonomy":"news-source","embeddable":true,"href":"https:\/\/www.ilmercoledi.news\/ilmercoledi\/news\/wp-json\/wp\/v2\/news-source?post=70484"},{"taxonomy":"is_homepage","embeddable":true,"href":"https:\/\/www.ilmercoledi.news\/ilmercoledi\/news\/wp-json\/wp\/v2\/is_homepage?post=70484"},{"taxonomy":"ta_other","embeddable":true,"href":"https:\/\/www.ilmercoledi.news\/ilmercoledi\/news\/wp-json\/wp\/v2\/ta_other?post=70484"}],"curies":[{"name":"wp","href":"https:\/\/api.w.org\/{rel}","templated":true}]}}