{"id":70522,"date":"2024-11-06T21:19:12","date_gmt":"2024-11-06T20:19:12","guid":{"rendered":"https:\/\/euwps06.newsmemory.com\/ilmercoledi\/news\/?p=70522"},"modified":"2024-11-06T21:19:14","modified_gmt":"2024-06-09T21:19:14","slug":"vinovo-terminata-la-pista-ciclabile-di-tetti-grella","status":"publish","type":"post","link":"https:\/\/www.ilmercoledi.news\/2024\/11\/06\/vinovo-terminata-la-pista-ciclabile-di-tetti-grella\/","title":{"rendered":"VINOVO &#8211; Terminata la pista ciclabile di Tetti Grella"},"content":{"rendered":"<p>Con il termine dei lavori di completamento della pista ciclabile in frazione Tetti Grella, che collega il centro cittadino di Vinovo alla Frazione e la segnaletica delle aree soggette a limitazione di traffico, insieme alla pista ciclabile in direzione La Loggia, il Comune di Vinovo supera i 12 chilometri di piste ciclabili, segnando un passo significativo verso una mobilit\u00e0 sempre pi\u00f9 sostenibile.<\/p>\n<p>L&#8217;intervento in Frazione Tetti Grella \u00e8 stato realizzato grazie ai finanziamenti resi disponibili nell&#8217;ambito Piano regionale di qualit\u00e0 dell&#8217;aria mentre il tratto di pista ciclabile verso La Loggi\u00e0 \u00e8 stato finanziato dai fondi nazionali.<\/p>\n<p>Questi interventi sono parte di una strategia complessiva volta a promuovere il rispetto per l&#8217;ambiente, migliorare la qualit\u00e0 della vita e rendere gli spostamenti pi\u00f9 sicuri ed efficienti per tutti i cittadini.<\/p>\n","protected":false},"excerpt":{"rendered":"","protected":false},"author":11,"featured_media":11346,"comment_status":"open","ping_status":"closed","sticky":false,"template":"","format":"standard","meta":[],"categories":[34],"tags":[],"news-destination":[],"news-source":[],"is_homepage":[581],"ta_other":[],"_links":{"self":[{"href":"https:\/\/www.ilmercoledi.news\/ilmercoledi\/news\/wp-json\/wp\/v2\/posts\/70522"}],"collection":[{"href":"https:\/\/www.ilmercoledi.news\/ilmercoledi\/news\/wp-json\/wp\/v2\/posts"}],"about":[{"href":"https:\/\/www.ilmercoledi.news\/ilmercoledi\/news\/wp-json\/wp\/v2\/types\/post"}],"author":[{"embeddable":true,"href":"https:\/\/www.ilmercoledi.news\/ilmercoledi\/news\/wp-json\/wp\/v2\/users\/11"}],"replies":[{"embeddable":true,"href":"https:\/\/www.ilmercoledi.news\/ilmercoledi\/news\/wp-json\/wp\/v2\/comments?post=70522"}],"version-history":[{"count":0,"href":"https:\/\/www.ilmercoledi.news\/ilmercoledi\/news\/wp-json\/wp\/v2\/posts\/70522\/revisions"}],"wp:featuredmedia":[{"embeddable":true,"href":"https:\/\/www.ilmercoledi.news\/ilmercoledi\/news\/wp-json\/wp\/v2\/media\/11346"}],"wp:attachment":[{"href":"https:\/\/www.ilmercoledi.news\/ilmercoledi\/news\/wp-json\/wp\/v2\/media?parent=70522"}],"wp:term":[{"taxonomy":"category","embeddable":true,"href":"https:\/\/www.ilmercoledi.news\/ilmercoledi\/news\/wp-json\/wp\/v2\/categories?post=70522"},{"taxonomy":"post_tag","embeddable":true,"href":"https:\/\/www.ilmercoledi.news\/ilmercoledi\/news\/wp-json\/wp\/v2\/tags?post=70522"},{"taxonomy":"news-destination","embeddable":true,"href":"https:\/\/www.ilmercoledi.news\/ilmercoledi\/news\/wp-json\/wp\/v2\/news-destination?post=70522"},{"taxonomy":"news-source","embeddable":true,"href":"https:\/\/www.ilmercoledi.news\/ilmercoledi\/news\/wp-json\/wp\/v2\/news-source?post=70522"},{"taxonomy":"is_homepage","embeddable":true,"href":"https:\/\/www.ilmercoledi.news\/ilmercoledi\/news\/wp-json\/wp\/v2\/is_homepage?post=70522"},{"taxonomy":"ta_other","embeddable":true,"href":"https:\/\/www.ilmercoledi.news\/ilmercoledi\/news\/wp-json\/wp\/v2\/ta_other?post=70522"}],"curies":[{"name":"wp","href":"https:\/\/api.w.org\/{rel}","templated":true}]}}