{"id":70645,"date":"2024-11-15T16:55:52","date_gmt":"2024-11-15T15:55:52","guid":{"rendered":"https:\/\/euwps05.newsmemory.com\/ilmercoledi\/news\/?p=70645"},"modified":"2024-11-15T16:56:21","modified_gmt":"2024-11-15T15:56:21","slug":"filastrocche-fattoria-il-libro-che-rendera-possibile-la-pet-therapy-moncalieri-e-chieri","status":"publish","type":"post","link":"https:\/\/www.ilmercoledi.news\/2024\/11\/15\/filastrocche-fattoria-il-libro-che-rendera-possibile-la-pet-therapy-moncalieri-e-chieri\/","title":{"rendered":"\u201cFilastrocche in Fattoria\u201d, il libro che render\u00e0 possibile la Pet Therapy a Moncalieri e a Chieri"},"content":{"rendered":"<p>&nbsp;<\/p>\n<p><strong>\u201cFilastrocche in Fattoria\u201d<\/strong> \u00e8 il bellissimo libro per i bambini e le loro famiglie con una storia in rima completamente illustrata, l\u2019ultimo nato dall\u2019associazione <strong>ApidiCarta APS<\/strong> nell\u2019ambito del progetto in collaborazione con l\u2019<strong>ASL To5 \u201cQuesta pediatria mi sta a cuore\u201d<\/strong>.<\/p>\n<p>I proventi serviranno a sostenere <strong>le attivit\u00e0 assistite da animali<\/strong> negli ospedali di Moncalieri &#8211; che potr\u00e0 riprendere cos\u00ec il percorso di pet therapy sospeso da alcuni anni &#8211; e Chieri &#8211; per la prima volta &#8211; e i due nuovi ecografi di cui beneficer\u00e0 anche l\u2019ospedale di Carmagnola.<\/p>\n<p><strong>La presentazione \u00e8 avvenuta gioved\u00ec 14 novembre<\/strong> al Circolo dei Lettori di Torino alla presenza del Direttore sanitario dell\u2019ASL To5 <strong>Carlo Macchiolo<\/strong>, con il Garante per i Diritti Animali della Regione Piemonte e Direttore della SS di Igiene Urbana Veterinaria <strong>Paolo Guiso<\/strong>, del Direttore della SC di Pediatria di Moncalieri e Carmagnola e Neonatologia aziendale <strong>Mauro Vivalda<\/strong> e del SC Pediatria Chieri <strong>Gian Maria Terragni<\/strong>.<\/p>\n<p>A loro il compito di illustrare, <strong>in una sala gremitissima di pubblico<\/strong>, i benefici della <strong>Pet Therapy<\/strong> che si potr\u00e0 realizzare in ambito ospedaliero nei presidi dell\u2019azienda sanitaria, grazie alle risorse raccolte con i proventi del libro. \u201c\u00c8 un progetto che ci rende orgogliosi, e il coinvolgimento di Chieri e Carmagnola \u00e8 l\u2019up grade giusto\u201d, ha esordito per l\u2019ASL To5 <strong>Carlo<\/strong> <strong>Macchiolo<\/strong>.<\/p>\n<p>Gli ha fatto eco <strong>Mauro<\/strong> <strong>Vivalda<\/strong>, \u201cPer noi si tratta di un\u2019efficace medicina: un farmaco peloso e simpaticissimo, ma soprattutto un medicinale potente, anche dal punto di vista scientifico, che affianca egregiamente la medicina tradizionale\u201d.<\/p>\n<p><strong>Paolo Guiso<\/strong>, referente della cosiddetta <strong>Pet Therapy<\/strong>, va oltre: \u201cSono animali selezionati, controllati e preparati \u2013 ha detto \u2013 . Devono essere assolutamente idonei per un\u2019attivit\u00e0 professionale; come del resto i loro accompagnatori umani che con loro formano il binomio dell\u2019attivit\u00e0 che verr\u00e0 eseguita con i giovani pazienti. Sono una medicina molto importante perch\u00e9 riescono in un compito difficilissimo: affascinare i bambini. A comprovare la loro efficacia ci sono anni di attivit\u00e0 svolta con risultati tangibili\u201d.<\/p>\n<p>Con loro la giornalista Renata Cantamessa, madrina e moderatrice dell\u2019evento, oltre alle autrici di <strong>\u201cFilastrocche in Fattoria\u201d<\/strong> Chiara Comollo e Francesca Aloi.<\/p>\n<p><strong>Chiara Comollo<\/strong>, autrice dei testi, ha spiegato: \u201cHo perso un bimbo a fine gravidanza, \u00e8 stata dura, ho dovuto lavorare molto sulle mie emozioni. Con le ApidiCarta mi sono sentita al posto giusto per trasformare il mio dolore in qualcosa di costruttivo. Cos\u00ec sono nate le rime di \u00abFilastrocche in fattoria\u00bb\u201d. <strong>Francesca Aloi<\/strong>, disegnatrice delle illustrazioni, in collegamento da Londra ha aggiunto: \u201cCon Chiara ci siamo trovate subito in sintonia. Le sue parole dolci mi hanno reso facile dare corpo e immagine ai testi, illustrandoli\u201d.<\/p>\n<p>Entusiasta dell\u2019iniziativa il Presidente del Consiglio Regionale del Piemonte <strong>Davide Nicco<\/strong>, che ha portato i saluti della Regione Piemonte e ha commentato: \u201c\u00c8 un\u2019idea lodevole, che merita di essere sostenuta acquistando il libro e magari pensando anche a un seguito, perch\u00e9 ci\u00f2 che si fa per i nostri bambini si fa per tutti noi e per il nostro territorio\u201d.<\/p>\n<p><strong>Chiara Pelassa<\/strong> Presidente di ApidiCarta APS, insieme alle volontarie ha spiegato le ragioni dell\u2019iniziativa: \u201cSiamo un\u2019associazione di promozione sociale che realizza progetti in tutto il mondo. Il nostro volo aiuta e sostiene le mamme, i bambini e l\u2019ambiente. Tutto gira intorno a questo\u201d.<\/p>\n<p>Ha proseguito: \u201cLa nostra \u00e8 un\u2019ambizione semplice: regalare a una mamma e a un bambino quello di cui hanno bisogno. Abbiamo iniziato alcuni anni fa per soccorrere con piccole iniziative la popolazione di Arquata del Tronto colpita dal terremoto. Poi pian piano sono cresciuti l\u2019impegno e i risultati. L\u2019obiettivo \u00e8 rendere pi\u00f9 semplice e pi\u00f9 leggera la vita di chi vive una situazione difficile. Abbiamo avuto anche noi le nostre ferite: le abbiamo superate grazie a medici e sanitari eccezionali, che ci hanno dato tanto. Questo \u00e8 il nostro modo di restituire quanto ci \u00e8 stato donato\u201d.<\/p>\n<p>In un <strong>video<\/strong> proiettato in sala le ApidiCarta APS hanno riassunto cinque progetti specifici che propongono in esclusiva:<\/p>\n<p style=\"padding-left: 40px\">Il primo, realizzato nelle scuole per riportare nell\u2019epoca smart-digitale l\u2019attenzione dei nostri figli nella <strong>\u201crealt\u00e0 reale\u201d<\/strong> qui e adesso.<\/p>\n<p style=\"padding-left: 40px\">Il secondo, per il <strong>gioco inclusivo<\/strong> e l\u2019integrazione, perch\u00e9 \u00e8 un diritto dei bambini giocare insieme vivendo la diversit\u00e0 come un\u2019opportunit\u00e0.<\/p>\n<p style=\"padding-left: 40px\">Il terzo, per il <strong>sostegno delle mamme<\/strong> vittime di violenza, disoccupazione e povert\u00e0 di genere, affinch\u00e9 possano prendere in mano la propria vita.<\/p>\n<p style=\"padding-left: 40px\">Il quarto, il <strong>Free Market<\/strong> per la sostenibilit\u00e0 ambientale grazie allo swap e al riciclo, a cui hanno gi\u00e0 aderito quasi 500 persone.<\/p>\n<p style=\"padding-left: 40px\">Il quinto, il libro <strong>\u201cFilastrocche in Fattoria\u201d<\/strong> per sostenere i costi delle terapie e degli strumenti necessari alla cura dei bambini ricoverati in ospedale.<\/p>\n<p>Tra gli ospiti dell\u2019evento anche i Direttore SC Anestesia e Rianimazione dell\u2019ASL To3 <strong>Michele Grio<\/strong>, che ha spiegato i benefici scoperti recentemente del contatto anche tra animali e pazienti adulti ricoverati in terapia intensiva.<\/p>\n<p>Special guest dell\u2019evento, <strong>Kristin \u201cKiki\u201d Carrer<\/strong>, giovane calciatrice delle pi\u00f9 importanti squadre della serie A femminile come Juventus e Sampdoria, attualmente centrocampista del Como ed influencer che si \u00e8 impegnata a diffondere nei social il sogno di fare interagire animali e piccoli pazienti: \u201cSe non cambiamo qualcosa nella nostra quotidianit\u00e0 &#8211; ha detto &#8211; non possiamo realizzare i nostri sogni\u201d. Insieme tra le \u201catlete solidali\u201d di ApidiCarta per divulgare e sostenere i pazienti affetti da problematiche legate al DCA.<\/p>\n<p style=\"padding-left: 40px\"><strong>Il libro \u00e8 acquisibile<\/strong> con una donazione a partire da \u20ac 12,90<\/p>\n<p style=\"padding-left: 40px\">Insieme come <strong>Proposta Natalizia<\/strong><\/p>\n<p style=\"padding-left: 40px\"><strong>Libro + Panettone Bonifanti<\/strong> da 750 gr a \u20ac 28<\/p>\n<p style=\"padding-left: 40px\"><strong>Libro + Pandoro Bonifanti<\/strong> da 750 gr a \u20ac 30<\/p>\n<p>Le volontarie sono a disposizione per fornire assistenza per la scelta di regali aziendali.<\/p>\n<p>Tutte le informazioni utili per <strong>contribuire al progetto<\/strong> sono a disposizione sul sito internet delle Api <a href=\"https:\/\/www.apidicarta.it\" target=\"_blank\" rel=\"noopener\">www.apidicarta.it<\/a>, oppure inquadrando il QR-Code sulla locandina.<\/p>\n<p><a href=\"https:\/\/www.ilmercoledi.news\/ilmercoledi\/news\/wp-content\/uploads\/sites\/3\/2024\/11\/pet-therapy-presentazione-circolo-dei-lettori-torino-5.jpeg\"><img alt=\"\u201cFilastrocche in Fattoria\u201d, il libro che render\u00e0 possibile la Pet Therapy a Moncalieri e a Chieri\" title=\"\u201cFilastrocche in Fattoria\u201d, il libro che render\u00e0 possibile la Pet Therapy a Moncalieri e a Chieri\" loading=\"lazy\" class=\"size-medium wp-image-72639\" src=\"https:\/\/www.ilmercoledi.news\/ilmercoledi\/news\/wp-content\/uploads\/sites\/3\/2024\/11\/pet-therapy-presentazione-circolo-dei-lettori-torino-5-212x300.jpeg\" alt=\"\" width=\"212\" height=\"300\" \/><\/a> <a href=\"https:\/\/www.ilmercoledi.news\/ilmercoledi\/news\/wp-content\/uploads\/sites\/3\/2024\/11\/pet-therapy-presentazione-circolo-dei-lettori-torino-3.jpeg\"><img alt=\"\u201cFilastrocche in Fattoria\u201d, il libro che render\u00e0 possibile la Pet Therapy a Moncalieri e a Chieri\" title=\"\u201cFilastrocche in Fattoria\u201d, il libro che render\u00e0 possibile la Pet Therapy a Moncalieri e a Chieri\" loading=\"lazy\" class=\"size-medium wp-image-72638\" src=\"https:\/\/www.ilmercoledi.news\/ilmercoledi\/news\/wp-content\/uploads\/sites\/3\/2024\/11\/pet-therapy-presentazione-circolo-dei-lettori-torino-3-300x225.jpeg\" alt=\"\" width=\"300\" height=\"225\" \/><\/a> <a href=\"https:\/\/www.ilmercoledi.news\/ilmercoledi\/news\/wp-content\/uploads\/sites\/3\/2024\/11\/pet-therapy-presentazione-circolo-dei-lettori-torino.jpeg\"><img alt=\"\u201cFilastrocche in Fattoria\u201d, il libro che render\u00e0 possibile la Pet Therapy a Moncalieri e a Chieri\" title=\"\u201cFilastrocche in Fattoria\u201d, il libro che render\u00e0 possibile la Pet Therapy a Moncalieri e a Chieri\" loading=\"lazy\" class=\"size-medium wp-image-72636\" src=\"https:\/\/www.ilmercoledi.news\/ilmercoledi\/news\/wp-content\/uploads\/sites\/3\/2024\/11\/pet-therapy-presentazione-circolo-dei-lettori-torino-225x300.jpeg\" alt=\"\" width=\"225\" height=\"300\" \/><\/a><\/p>\n<p><a href=\"https:\/\/www.ilmercoledi.news\/ilmercoledi\/news\/wp-content\/uploads\/sites\/3\/2024\/11\/pet-therapy-presentazione-circolo-dei-lettori-torino-gruppo.jpeg\"><img alt=\"\u201cFilastrocche in Fattoria\u201d, il libro che render\u00e0 possibile la Pet Therapy a Moncalieri e a Chieri\" title=\"\u201cFilastrocche in Fattoria\u201d, il libro che render\u00e0 possibile la Pet Therapy a Moncalieri e a Chieri\" loading=\"lazy\" class=\" wp-image-72640\" src=\"https:\/\/www.ilmercoledi.news\/ilmercoledi\/news\/wp-content\/uploads\/sites\/3\/2024\/11\/pet-therapy-presentazione-circolo-dei-lettori-torino-gruppo-300x200.jpeg\" alt=\"\" width=\"533\" height=\"355\" \/><\/a><\/p>\n<p><a href=\"https:\/\/www.ilmercoledi.news\/ilmercoledi\/news\/wp-content\/uploads\/sites\/3\/2024\/11\/pet-therapy-presentazione-circolo-dei-lettori-torino-8.jpeg\"><img alt=\"\u201cFilastrocche in Fattoria\u201d, il libro che render\u00e0 possibile la Pet Therapy a Moncalieri e a Chieri\" title=\"\u201cFilastrocche in Fattoria\u201d, il libro che render\u00e0 possibile la Pet Therapy a Moncalieri e a Chieri\" loading=\"lazy\" class=\"size-medium wp-image-72643\" src=\"https:\/\/www.ilmercoledi.news\/ilmercoledi\/news\/wp-content\/uploads\/sites\/3\/2024\/11\/pet-therapy-presentazione-circolo-dei-lettori-torino-8-300x225.jpeg\" alt=\"\" width=\"300\" height=\"225\" \/><\/a> <a href=\"https:\/\/www.ilmercoledi.news\/ilmercoledi\/news\/wp-content\/uploads\/sites\/3\/2024\/11\/pet-therapy-presentazione-circolo-dei-lettori-torino-7.jpeg\"><img alt=\"\u201cFilastrocche in Fattoria\u201d, il libro che render\u00e0 possibile la Pet Therapy a Moncalieri e a Chieri\" title=\"\u201cFilastrocche in Fattoria\u201d, il libro che render\u00e0 possibile la Pet Therapy a Moncalieri e a Chieri\" loading=\"lazy\" class=\"size-medium wp-image-72642\" src=\"https:\/\/www.ilmercoledi.news\/ilmercoledi\/news\/wp-content\/uploads\/sites\/3\/2024\/11\/pet-therapy-presentazione-circolo-dei-lettori-torino-7-300x225.jpeg\" alt=\"\" width=\"300\" height=\"225\" \/><\/a> <a href=\"https:\/\/www.ilmercoledi.news\/ilmercoledi\/news\/wp-content\/uploads\/sites\/3\/2024\/11\/pet-therapy-presentazione-circolo-dei-lettori-torino-6.jpeg\"><img alt=\"\u201cFilastrocche in Fattoria\u201d, il libro che render\u00e0 possibile la Pet Therapy a Moncalieri e a Chieri\" title=\"\u201cFilastrocche in Fattoria\u201d, il libro che render\u00e0 possibile la Pet Therapy a Moncalieri e a Chieri\" loading=\"lazy\" class=\"size-medium wp-image-72641\" src=\"https:\/\/www.ilmercoledi.news\/ilmercoledi\/news\/wp-content\/uploads\/sites\/3\/2024\/11\/pet-therapy-presentazione-circolo-dei-lettori-torino-6-300x225.jpeg\" alt=\"\" width=\"300\" height=\"225\" \/><\/a><\/p>\n","protected":false},"excerpt":{"rendered":"","protected":false},"author":4,"featured_media":70638,"comment_status":"open","ping_status":"closed","sticky":false,"template":"","format":"standard","meta":[],"categories":[8],"tags":[],"news-destination":[],"news-source":[],"is_homepage":[581],"ta_other":[],"_links":{"self":[{"href":"https:\/\/www.ilmercoledi.news\/ilmercoledi\/news\/wp-json\/wp\/v2\/posts\/70645"}],"collection":[{"href":"https:\/\/www.ilmercoledi.news\/ilmercoledi\/news\/wp-json\/wp\/v2\/posts"}],"about":[{"href":"https:\/\/www.ilmercoledi.news\/ilmercoledi\/news\/wp-json\/wp\/v2\/types\/post"}],"author":[{"embeddable":true,"href":"https:\/\/www.ilmercoledi.news\/ilmercoledi\/news\/wp-json\/wp\/v2\/users\/4"}],"replies":[{"embeddable":true,"href":"https:\/\/www.ilmercoledi.news\/ilmercoledi\/news\/wp-json\/wp\/v2\/comments?post=70645"}],"version-history":[{"count":0,"href":"https:\/\/www.ilmercoledi.news\/ilmercoledi\/news\/wp-json\/wp\/v2\/posts\/70645\/revisions"}],"wp:featuredmedia":[{"embeddable":true,"href":"https:\/\/www.ilmercoledi.news\/ilmercoledi\/news\/wp-json\/wp\/v2\/media\/70638"}],"wp:attachment":[{"href":"https:\/\/www.ilmercoledi.news\/ilmercoledi\/news\/wp-json\/wp\/v2\/media?parent=70645"}],"wp:term":[{"taxonomy":"category","embeddable":true,"href":"https:\/\/www.ilmercoledi.news\/ilmercoledi\/news\/wp-json\/wp\/v2\/categories?post=70645"},{"taxonomy":"post_tag","embeddable":true,"href":"https:\/\/www.ilmercoledi.news\/ilmercoledi\/news\/wp-json\/wp\/v2\/tags?post=70645"},{"taxonomy":"news-destination","embeddable":true,"href":"https:\/\/www.ilmercoledi.news\/ilmercoledi\/news\/wp-json\/wp\/v2\/news-destination?post=70645"},{"taxonomy":"news-source","embeddable":true,"href":"https:\/\/www.ilmercoledi.news\/ilmercoledi\/news\/wp-json\/wp\/v2\/news-source?post=70645"},{"taxonomy":"is_homepage","embeddable":true,"href":"https:\/\/www.ilmercoledi.news\/ilmercoledi\/news\/wp-json\/wp\/v2\/is_homepage?post=70645"},{"taxonomy":"ta_other","embeddable":true,"href":"https:\/\/www.ilmercoledi.news\/ilmercoledi\/news\/wp-json\/wp\/v2\/ta_other?post=70645"}],"curies":[{"name":"wp","href":"https:\/\/api.w.org\/{rel}","templated":true}]}}