{"id":70686,"date":"2024-11-17T17:55:47","date_gmt":"2024-11-17T16:55:47","guid":{"rendered":"https:\/\/euwps05.newsmemory.com\/ilmercoledi\/news\/?p=70686"},"modified":"2024-11-17T17:57:29","modified_gmt":"2024-11-17T16:57:29","slug":"il-sindaco-di-poirino-nicholas-padalino-e-vicepresidente-dellanci-piemonte","status":"publish","type":"post","link":"https:\/\/www.ilmercoledi.news\/2024\/11\/17\/il-sindaco-di-poirino-nicholas-padalino-e-vicepresidente-dellanci-piemonte\/","title":{"rendered":"Il sindaco di Poirino Nicholas Padalino \u00e8 vicepresidente dell\u2019Anci Piemonte"},"content":{"rendered":"<p>&nbsp;<\/p>\n<p>Il sindaco di Poirino Nicholas Padalino \u00e8 vicepresidente dell\u2019Anci Piemonte, l\u2019associazione nazionale dei Comuni. Fresco di nomina \u2013 avvenuta presso il palazzo della Citt\u00e0 metropolitana di Torino, dal presidente Anci Piemonte Davide Gilardino \u2013 Padalino commenta: \u201cSono particolarmente onorato di poter ricoprire un incarico cos\u00ec prestigioso e lavorer\u00f2 per portare avanti le istanze e risolvere le criticit\u00e0 del territorio chierese-carmagnolese. Grazie all\u2019on. Augusta Montaruli per aver creduto e sostenuto la mia candidatura\u201d.<\/p>\n","protected":false},"excerpt":{"rendered":"","protected":false},"author":4,"featured_media":70685,"comment_status":"open","ping_status":"closed","sticky":false,"template":"","format":"standard","meta":[],"categories":[8],"tags":[],"news-destination":[],"news-source":[],"is_homepage":[581],"ta_other":[],"_links":{"self":[{"href":"https:\/\/www.ilmercoledi.news\/ilmercoledi\/news\/wp-json\/wp\/v2\/posts\/70686"}],"collection":[{"href":"https:\/\/www.ilmercoledi.news\/ilmercoledi\/news\/wp-json\/wp\/v2\/posts"}],"about":[{"href":"https:\/\/www.ilmercoledi.news\/ilmercoledi\/news\/wp-json\/wp\/v2\/types\/post"}],"author":[{"embeddable":true,"href":"https:\/\/www.ilmercoledi.news\/ilmercoledi\/news\/wp-json\/wp\/v2\/users\/4"}],"replies":[{"embeddable":true,"href":"https:\/\/www.ilmercoledi.news\/ilmercoledi\/news\/wp-json\/wp\/v2\/comments?post=70686"}],"version-history":[{"count":0,"href":"https:\/\/www.ilmercoledi.news\/ilmercoledi\/news\/wp-json\/wp\/v2\/posts\/70686\/revisions"}],"wp:featuredmedia":[{"embeddable":true,"href":"https:\/\/www.ilmercoledi.news\/ilmercoledi\/news\/wp-json\/wp\/v2\/media\/70685"}],"wp:attachment":[{"href":"https:\/\/www.ilmercoledi.news\/ilmercoledi\/news\/wp-json\/wp\/v2\/media?parent=70686"}],"wp:term":[{"taxonomy":"category","embeddable":true,"href":"https:\/\/www.ilmercoledi.news\/ilmercoledi\/news\/wp-json\/wp\/v2\/categories?post=70686"},{"taxonomy":"post_tag","embeddable":true,"href":"https:\/\/www.ilmercoledi.news\/ilmercoledi\/news\/wp-json\/wp\/v2\/tags?post=70686"},{"taxonomy":"news-destination","embeddable":true,"href":"https:\/\/www.ilmercoledi.news\/ilmercoledi\/news\/wp-json\/wp\/v2\/news-destination?post=70686"},{"taxonomy":"news-source","embeddable":true,"href":"https:\/\/www.ilmercoledi.news\/ilmercoledi\/news\/wp-json\/wp\/v2\/news-source?post=70686"},{"taxonomy":"is_homepage","embeddable":true,"href":"https:\/\/www.ilmercoledi.news\/ilmercoledi\/news\/wp-json\/wp\/v2\/is_homepage?post=70686"},{"taxonomy":"ta_other","embeddable":true,"href":"https:\/\/www.ilmercoledi.news\/ilmercoledi\/news\/wp-json\/wp\/v2\/ta_other?post=70686"}],"curies":[{"name":"wp","href":"https:\/\/api.w.org\/{rel}","templated":true}]}}