{"id":70773,"date":"2024-11-19T08:42:49","date_gmt":"2024-11-19T07:42:49","guid":{"rendered":"https:\/\/euwps05.newsmemory.com\/ilmercoledi\/news\/?p=70773"},"modified":"2024-11-19T14:11:09","modified_gmt":"2024-11-19T13:11:09","slug":"moncalieri-chiusura-dellufficio-anagrafe-di-via-fiume-nel-periodo-natalizio","status":"publish","type":"post","link":"https:\/\/www.ilmercoledi.news\/2024\/11\/19\/moncalieri-chiusura-dellufficio-anagrafe-di-via-fiume-nel-periodo-natalizio\/","title":{"rendered":"MONCALIERI &#8211; Chiusura dell&#8217;ufficio anagrafe di via Fiume nel periodo natalizio"},"content":{"rendered":"<p>Il Comune di Moncalieri ha comunicato che l\u2019Ufficio Anagrafe di Borgo San Pietro, situato in Via Fiume n\u00b0 17\/bis, sar\u00e0 chiuso nel periodo compreso tra mercoled\u00ec 18 dicembre 2024 e mercoled\u00ec 8 gennaio 2025 (inclusi).<\/p>\n<p>Nel suddetto periodo, sar\u00e0 regolarmente attiva \u2013 nei consueti orari di apertura &#8211; l\u2019Anagrafe Centrale di Via Principessa M. Clotilde n\u00b0 10.<\/p>\n","protected":false},"excerpt":{"rendered":"","protected":false},"author":11,"featured_media":39517,"comment_status":"open","ping_status":"closed","sticky":false,"template":"","format":"standard","meta":[],"categories":[34],"tags":[],"news-destination":[],"news-source":[],"is_homepage":[581],"ta_other":[],"_links":{"self":[{"href":"https:\/\/www.ilmercoledi.news\/ilmercoledi\/news\/wp-json\/wp\/v2\/posts\/70773"}],"collection":[{"href":"https:\/\/www.ilmercoledi.news\/ilmercoledi\/news\/wp-json\/wp\/v2\/posts"}],"about":[{"href":"https:\/\/www.ilmercoledi.news\/ilmercoledi\/news\/wp-json\/wp\/v2\/types\/post"}],"author":[{"embeddable":true,"href":"https:\/\/www.ilmercoledi.news\/ilmercoledi\/news\/wp-json\/wp\/v2\/users\/11"}],"replies":[{"embeddable":true,"href":"https:\/\/www.ilmercoledi.news\/ilmercoledi\/news\/wp-json\/wp\/v2\/comments?post=70773"}],"version-history":[{"count":1,"href":"https:\/\/www.ilmercoledi.news\/ilmercoledi\/news\/wp-json\/wp\/v2\/posts\/70773\/revisions"}],"predecessor-version":[{"id":70774,"href":"https:\/\/www.ilmercoledi.news\/ilmercoledi\/news\/wp-json\/wp\/v2\/posts\/70773\/revisions\/70774"}],"wp:featuredmedia":[{"embeddable":true,"href":"https:\/\/www.ilmercoledi.news\/ilmercoledi\/news\/wp-json\/wp\/v2\/media\/39517"}],"wp:attachment":[{"href":"https:\/\/www.ilmercoledi.news\/ilmercoledi\/news\/wp-json\/wp\/v2\/media?parent=70773"}],"wp:term":[{"taxonomy":"category","embeddable":true,"href":"https:\/\/www.ilmercoledi.news\/ilmercoledi\/news\/wp-json\/wp\/v2\/categories?post=70773"},{"taxonomy":"post_tag","embeddable":true,"href":"https:\/\/www.ilmercoledi.news\/ilmercoledi\/news\/wp-json\/wp\/v2\/tags?post=70773"},{"taxonomy":"news-destination","embeddable":true,"href":"https:\/\/www.ilmercoledi.news\/ilmercoledi\/news\/wp-json\/wp\/v2\/news-destination?post=70773"},{"taxonomy":"news-source","embeddable":true,"href":"https:\/\/www.ilmercoledi.news\/ilmercoledi\/news\/wp-json\/wp\/v2\/news-source?post=70773"},{"taxonomy":"is_homepage","embeddable":true,"href":"https:\/\/www.ilmercoledi.news\/ilmercoledi\/news\/wp-json\/wp\/v2\/is_homepage?post=70773"},{"taxonomy":"ta_other","embeddable":true,"href":"https:\/\/www.ilmercoledi.news\/ilmercoledi\/news\/wp-json\/wp\/v2\/ta_other?post=70773"}],"curies":[{"name":"wp","href":"https:\/\/api.w.org\/{rel}","templated":true}]}}