{"id":70906,"date":"2024-11-26T06:35:05","date_gmt":"2024-11-26T05:35:05","guid":{"rendered":"https:\/\/euwps05.newsmemory.com\/ilmercoledi\/news\/?p=70906"},"modified":"2024-11-26T22:15:33","modified_gmt":"2024-11-26T21:15:33","slug":"un-volontario-della-croce-rossa-di-carmagnola-soccorre-un-ferito-sul-freccia-rossa-milano-napoli","status":"publish","type":"post","link":"https:\/\/www.ilmercoledi.news\/2024\/11\/26\/un-volontario-della-croce-rossa-di-carmagnola-soccorre-un-ferito-sul-freccia-rossa-milano-napoli\/","title":{"rendered":"Un volontario della Croce Rossa di Carmagnola soccorre un ferito sul freccia rossa Milano-Napoli"},"content":{"rendered":"<p>Un volontario della Croce Rossa di Carmagnola che si trovava come semplice passeggero su il treno Frecciarossa che da Napoli portava a Milano, la giornata di ieri si \u00e8 reso protagonista di un soccorso ad un altro passeggero che si \u00e8 ferito profondamente ad una gamba mentre stava scendendo alla stazione di Firenze. Il volontario \u00e8 intervenuto con un altro &#8220;collega&#8221; della provincia di Como anche lui di rientro verso casa. Il malcapitato fortunatamente non ha patito gravi conseguenze ma l&#8217;accaduto ha causato un po&#8217; di ritardo sulla tratta.<\/p>\n","protected":false},"excerpt":{"rendered":"","protected":false},"author":11,"featured_media":12825,"comment_status":"open","ping_status":"closed","sticky":false,"template":"","format":"standard","meta":[],"categories":[34],"tags":[],"news-destination":[],"news-source":[],"is_homepage":[581],"ta_other":[],"_links":{"self":[{"href":"https:\/\/www.ilmercoledi.news\/ilmercoledi\/news\/wp-json\/wp\/v2\/posts\/70906"}],"collection":[{"href":"https:\/\/www.ilmercoledi.news\/ilmercoledi\/news\/wp-json\/wp\/v2\/posts"}],"about":[{"href":"https:\/\/www.ilmercoledi.news\/ilmercoledi\/news\/wp-json\/wp\/v2\/types\/post"}],"author":[{"embeddable":true,"href":"https:\/\/www.ilmercoledi.news\/ilmercoledi\/news\/wp-json\/wp\/v2\/users\/11"}],"replies":[{"embeddable":true,"href":"https:\/\/www.ilmercoledi.news\/ilmercoledi\/news\/wp-json\/wp\/v2\/comments?post=70906"}],"version-history":[{"count":1,"href":"https:\/\/www.ilmercoledi.news\/ilmercoledi\/news\/wp-json\/wp\/v2\/posts\/70906\/revisions"}],"predecessor-version":[{"id":70929,"href":"https:\/\/www.ilmercoledi.news\/ilmercoledi\/news\/wp-json\/wp\/v2\/posts\/70906\/revisions\/70929"}],"wp:featuredmedia":[{"embeddable":true,"href":"https:\/\/www.ilmercoledi.news\/ilmercoledi\/news\/wp-json\/wp\/v2\/media\/12825"}],"wp:attachment":[{"href":"https:\/\/www.ilmercoledi.news\/ilmercoledi\/news\/wp-json\/wp\/v2\/media?parent=70906"}],"wp:term":[{"taxonomy":"category","embeddable":true,"href":"https:\/\/www.ilmercoledi.news\/ilmercoledi\/news\/wp-json\/wp\/v2\/categories?post=70906"},{"taxonomy":"post_tag","embeddable":true,"href":"https:\/\/www.ilmercoledi.news\/ilmercoledi\/news\/wp-json\/wp\/v2\/tags?post=70906"},{"taxonomy":"news-destination","embeddable":true,"href":"https:\/\/www.ilmercoledi.news\/ilmercoledi\/news\/wp-json\/wp\/v2\/news-destination?post=70906"},{"taxonomy":"news-source","embeddable":true,"href":"https:\/\/www.ilmercoledi.news\/ilmercoledi\/news\/wp-json\/wp\/v2\/news-source?post=70906"},{"taxonomy":"is_homepage","embeddable":true,"href":"https:\/\/www.ilmercoledi.news\/ilmercoledi\/news\/wp-json\/wp\/v2\/is_homepage?post=70906"},{"taxonomy":"ta_other","embeddable":true,"href":"https:\/\/www.ilmercoledi.news\/ilmercoledi\/news\/wp-json\/wp\/v2\/ta_other?post=70906"}],"curies":[{"name":"wp","href":"https:\/\/api.w.org\/{rel}","templated":true}]}}