{"id":70908,"date":"2024-11-25T21:53:46","date_gmt":"2024-11-25T20:53:46","guid":{"rendered":"https:\/\/euwps06.newsmemory.com\/ilmercoledi\/news\/?p=70908"},"modified":"2024-11-25T21:54:21","modified_gmt":"2024-06-28T21:54:21","slug":"vinovo-riparte-la-stagione-teatrale-lo","status":"publish","type":"post","link":"https:\/\/www.ilmercoledi.news\/2024\/11\/25\/vinovo-riparte-la-stagione-teatrale-lo\/","title":{"rendered":"VINOVO &#8211; Riparte la stagione teatrale"},"content":{"rendered":"<p>Torna in versione rinnovata la stagione teatrale del Comune di Vinovo. Le proposte per il 2025 sono particolarmente variegate: con spettacoli che vanno dal monologo alla stand up comedy passando per il match di improvvisazione teatrale, il cartellone di Nessun dorma! 2025 offre al pubblico spettacoli e atmosfere pi\u00f9 eterogenei, con l\u2019intento di andare incontro ai gusti di fasce di pubblico potenzialmente pi\u00f9 ampie, anche a livello anagrafico.<\/p>\n<p>Si comincia venerd\u00ec 10 gennaio con Il settimo giorno lui si ripos\u00f2, io no, delle bravissime Enrica Tesio e Andrea Mir\u00f2: non solo uno spettacolo, ma \u201cuna seduta di auto aiuto, un monologo sulla vita di una donna come tante, ma con occhiaie uniche nel suo genere!\u201d, con il contrappunto musicale di Andrea Mir\u00f2. Il settimo giorno lui si ripos\u00f2, io no \u00e8 il racconto di due donne straordinariamente talentuose per uno spaccato, attualissimo e incredibilmente ironico, del nostro tempo. Secondo appuntamento per venerd\u00ec 7 febbraio con la comica e scrittrice Alessandra Faiella e il suo monologo ad alto contenuto satirico La versione di Barbie, dissacrante itinerario di formazione della donna di oggi dalla nascita alla morte. Terzo appuntamento per venerd\u00ec 14 marzo, con il Match di improvvisazione teatrale portato in scena dall&#8217;Associazione Culturale Teatrosequenza, una divertente serata di improvvisazione completa, senza copioni, travestimenti o scenografie, in cui il pubblico \u00e8 chiamato a interagire con le squadre di attori sul palco. Lo spettacolo \u00e8 adatto anche a bambini e ragazzi.<\/p>\n","protected":false},"excerpt":{"rendered":"","protected":false},"author":11,"featured_media":13775,"comment_status":"open","ping_status":"closed","sticky":false,"template":"","format":"standard","meta":[],"categories":[34],"tags":[],"news-destination":[],"news-source":[],"is_homepage":[581],"ta_other":[],"_links":{"self":[{"href":"https:\/\/www.ilmercoledi.news\/ilmercoledi\/news\/wp-json\/wp\/v2\/posts\/70908"}],"collection":[{"href":"https:\/\/www.ilmercoledi.news\/ilmercoledi\/news\/wp-json\/wp\/v2\/posts"}],"about":[{"href":"https:\/\/www.ilmercoledi.news\/ilmercoledi\/news\/wp-json\/wp\/v2\/types\/post"}],"author":[{"embeddable":true,"href":"https:\/\/www.ilmercoledi.news\/ilmercoledi\/news\/wp-json\/wp\/v2\/users\/11"}],"replies":[{"embeddable":true,"href":"https:\/\/www.ilmercoledi.news\/ilmercoledi\/news\/wp-json\/wp\/v2\/comments?post=70908"}],"version-history":[{"count":1,"href":"https:\/\/www.ilmercoledi.news\/ilmercoledi\/news\/wp-json\/wp\/v2\/posts\/70908\/revisions"}],"predecessor-version":[{"id":70909,"href":"https:\/\/www.ilmercoledi.news\/ilmercoledi\/news\/wp-json\/wp\/v2\/posts\/70908\/revisions\/70909"}],"wp:featuredmedia":[{"embeddable":true,"href":"https:\/\/www.ilmercoledi.news\/ilmercoledi\/news\/wp-json\/wp\/v2\/media\/13775"}],"wp:attachment":[{"href":"https:\/\/www.ilmercoledi.news\/ilmercoledi\/news\/wp-json\/wp\/v2\/media?parent=70908"}],"wp:term":[{"taxonomy":"category","embeddable":true,"href":"https:\/\/www.ilmercoledi.news\/ilmercoledi\/news\/wp-json\/wp\/v2\/categories?post=70908"},{"taxonomy":"post_tag","embeddable":true,"href":"https:\/\/www.ilmercoledi.news\/ilmercoledi\/news\/wp-json\/wp\/v2\/tags?post=70908"},{"taxonomy":"news-destination","embeddable":true,"href":"https:\/\/www.ilmercoledi.news\/ilmercoledi\/news\/wp-json\/wp\/v2\/news-destination?post=70908"},{"taxonomy":"news-source","embeddable":true,"href":"https:\/\/www.ilmercoledi.news\/ilmercoledi\/news\/wp-json\/wp\/v2\/news-source?post=70908"},{"taxonomy":"is_homepage","embeddable":true,"href":"https:\/\/www.ilmercoledi.news\/ilmercoledi\/news\/wp-json\/wp\/v2\/is_homepage?post=70908"},{"taxonomy":"ta_other","embeddable":true,"href":"https:\/\/www.ilmercoledi.news\/ilmercoledi\/news\/wp-json\/wp\/v2\/ta_other?post=70908"}],"curies":[{"name":"wp","href":"https:\/\/api.w.org\/{rel}","templated":true}]}}