{"id":70936,"date":"2024-11-27T06:31:07","date_gmt":"2024-11-27T05:31:07","guid":{"rendered":"https:\/\/euwps05.newsmemory.com\/ilmercoledi\/news\/?p=70936"},"modified":"2024-11-27T06:31:20","modified_gmt":"2024-11-27T05:31:20","slug":"carmagnola-anniversario-dei-35-anni-del-salsasio","status":"publish","type":"post","link":"https:\/\/www.ilmercoledi.news\/2024\/11\/27\/carmagnola-anniversario-dei-35-anni-del-salsasio\/","title":{"rendered":"CARMAGNOLA &#8211; Anniversario dei 35 anni del Salsasio"},"content":{"rendered":"<p>Sabato 30 novembre alle 17 davanti all\u2019ingresso del centro sportivo \u201cGiorgio Demichelis\u201d di Salsasio in via Mussetti 36 a Carmagnola si svolger\u00e0 un momento di ricordo e festa per i 35 anni di fondazione del Salsasio e del centro sportivo del borgo. Verr\u00e0 inaugurata una targa in ricordo dei soci fondatori del Salsasio nonch\u00e9 soci fondatori del centro sportivo che porta il nome del giovane Giorgio Demichelis, salsasiese scomparso molto giovane per un incidente. Verranno anche inaugurate le nuove insegne esterne del centro sportivo.<\/p>\n<p>Tutta la popolazione \u00e8 invitata a partecipare.<\/p>\n","protected":false},"excerpt":{"rendered":"","protected":false},"author":11,"featured_media":70935,"comment_status":"open","ping_status":"closed","sticky":false,"template":"","format":"standard","meta":[],"categories":[8],"tags":[],"news-destination":[],"news-source":[],"is_homepage":[581],"ta_other":[],"_links":{"self":[{"href":"https:\/\/www.ilmercoledi.news\/ilmercoledi\/news\/wp-json\/wp\/v2\/posts\/70936"}],"collection":[{"href":"https:\/\/www.ilmercoledi.news\/ilmercoledi\/news\/wp-json\/wp\/v2\/posts"}],"about":[{"href":"https:\/\/www.ilmercoledi.news\/ilmercoledi\/news\/wp-json\/wp\/v2\/types\/post"}],"author":[{"embeddable":true,"href":"https:\/\/www.ilmercoledi.news\/ilmercoledi\/news\/wp-json\/wp\/v2\/users\/11"}],"replies":[{"embeddable":true,"href":"https:\/\/www.ilmercoledi.news\/ilmercoledi\/news\/wp-json\/wp\/v2\/comments?post=70936"}],"version-history":[{"count":0,"href":"https:\/\/www.ilmercoledi.news\/ilmercoledi\/news\/wp-json\/wp\/v2\/posts\/70936\/revisions"}],"wp:featuredmedia":[{"embeddable":true,"href":"https:\/\/www.ilmercoledi.news\/ilmercoledi\/news\/wp-json\/wp\/v2\/media\/70935"}],"wp:attachment":[{"href":"https:\/\/www.ilmercoledi.news\/ilmercoledi\/news\/wp-json\/wp\/v2\/media?parent=70936"}],"wp:term":[{"taxonomy":"category","embeddable":true,"href":"https:\/\/www.ilmercoledi.news\/ilmercoledi\/news\/wp-json\/wp\/v2\/categories?post=70936"},{"taxonomy":"post_tag","embeddable":true,"href":"https:\/\/www.ilmercoledi.news\/ilmercoledi\/news\/wp-json\/wp\/v2\/tags?post=70936"},{"taxonomy":"news-destination","embeddable":true,"href":"https:\/\/www.ilmercoledi.news\/ilmercoledi\/news\/wp-json\/wp\/v2\/news-destination?post=70936"},{"taxonomy":"news-source","embeddable":true,"href":"https:\/\/www.ilmercoledi.news\/ilmercoledi\/news\/wp-json\/wp\/v2\/news-source?post=70936"},{"taxonomy":"is_homepage","embeddable":true,"href":"https:\/\/www.ilmercoledi.news\/ilmercoledi\/news\/wp-json\/wp\/v2\/is_homepage?post=70936"},{"taxonomy":"ta_other","embeddable":true,"href":"https:\/\/www.ilmercoledi.news\/ilmercoledi\/news\/wp-json\/wp\/v2\/ta_other?post=70936"}],"curies":[{"name":"wp","href":"https:\/\/api.w.org\/{rel}","templated":true}]}}